{"id":315903,"date":"2023-12-03T06:10:06","date_gmt":"2023-12-03T03:10:06","guid":{"rendered":"https:\/\/sana.sy\/es\/?p=315903"},"modified":"2023-12-03T19:05:16","modified_gmt":"2023-12-03T16:05:16","slug":"jefe-de-la-otan-tenemos-que-prepararnos-para-las-malas-noticias-de-ucrania","status":"publish","type":"post","link":"https:\/\/archive.sana.sy\/es\/?p=315903","title":{"rendered":"Jefe de la OTAN: &#8220;Tenemos que prepararnos para las malas noticias de Ucrania&#8221;"},"content":{"rendered":"<blockquote>\n<p style=\"text-align: justify;\"><span style=\"color: #993300;\">Ucrania est\u00e1 en una &#8220;situaci\u00f3n cr\u00edtica&#8221;, advirti\u00f3 Jens Stoltenberg.<\/span><\/p>\n<\/blockquote>\n<p style=\"text-align: justify;\">Bruselas, 03 dic (SANA)\u00a0 El secretario general de la OTAN, Jens Stoltenberg, cree que la posici\u00f3n en el frente de batalla de Ucrania podr\u00eda empeorar si Occidente no aumenta el suministro de armas.<\/p>\n<p style=\"text-align: justify;\">En su opini\u00f3n, el r\u00e9gimen de Kiev se encuentra en una &#8220;situaci\u00f3n cr\u00edtica&#8221;, ya que los miembros de la Alianza Atl\u00e1ntica no pudieron satisfacer la creciente demanda de municiones.<\/p>\n<p style=\"text-align: justify;\">&#8220;Tenemos que prepararnos para las malas noticias&#8221;, declar\u00f3 este domingo el alto cargo en una entrevista al canal de televisi\u00f3n alem\u00e1n Das Erste. &#8220;Los conflictos se desarrollan por etapas. Pero debemos apoyar a Ucrania tanto en los malos como en los buenos tiempos&#8221;, enfatiz\u00f3.<\/p>\n<p style=\"text-align: justify;\">Tras la pregunta del entrevistador sobre c\u00f3mo deber\u00edan actuar las Fuerzas Armadas de Ucrania en tal delicada situaci\u00f3n, el secretario general de la OTAN redirigi\u00f3 la &#8220;adopci\u00f3n de estas complejas decisiones operativas a los ucranianos y a sus l\u00edderes militares&#8221;.<\/p>\n<p style=\"text-align: justify;\"><strong>Una contraofensiva fracasada<\/strong><\/p>\n<p style=\"text-align: justify;\">En tanto, el presidente de Ucrania, Vlad\u00edmir Zelenski, admiti\u00f3 que sus combatientes no pudieron lograr avances significativos en su fracasada contraofensiva. &#8220;Quer\u00edamos resultados m\u00e1s r\u00e1pidos. Desde esa perspectiva, lamentablemente no logramos los resultados deseados. Y esto es un hecho&#8221;, asever\u00f3.<\/p>\n<p style=\"text-align: justify;\">Seg\u00fan sus palabras, el fracaso en parte se atribuye a que Ucrania no obtuvo todas las armas que necesitaba de sus aliados. &#8220;No hay suficiente potencia para lograr los resultados deseados m\u00e1s r\u00e1pido. Pero esto no significa que debamos rendirnos, que tengamos que rendirnos&#8221;, manifest\u00f3. &#8220;Tenemos confianza en nuestras acciones&#8221;, agreg\u00f3.<\/p>\n<p style=\"text-align: justify;\">Por otro lado, Zelenski reconoci\u00f3 que teme que el conflicto ucraniano quede eclipsado por las hostilidades desatadas entre Israel y Ham\u00e1s. De tal manera, coment\u00f3 que los acontecimientos en la Franja de Gaza podr\u00edan poner en peligro el flujo de ayuda militar hacia Kiev.<\/p>\n<p style=\"text-align: justify;\">Fuente: RT<\/p>\n","protected":false},"excerpt":{"rendered":"<p>Ucrania est\u00e1 en una &#8220;situaci\u00f3n cr\u00edtica&#8221;, advirti\u00f3 Jens Stoltenberg. Bruselas, 03 dic (SANA)\u00a0 El secretario general de la OTAN, Jens Stoltenberg, cree que la posici\u00f3n en el frente de batalla de Ucrania podr\u00eda empeorar si Occidente no aumenta el suministro de armas. En su opini\u00f3n, el r\u00e9gimen de Kiev se encuentra en una &#8220;situaci\u00f3n cr\u00edtica&#8221;, &hellip;<\/p>\n","protected":false},"author":31,"featured_media":315904,"comment_status":"closed","ping_status":"closed","sticky":false,"template":"","format":"standard","meta":{"footnotes":""},"categories":[597,456,16687,7541],"tags":[19811,20357],"class_list":["post-315903","post","type-post","status-publish","format-standard","has-post-thumbnail","","category-cinta-de-noticias","category-arabe-internacional-politica","category-internacionales","category-ultimas-noticias","tag-otan","tag-ucrania"],"_links":{"self":[{"href":"https:\/\/archive.sana.sy\/es\/index.php?rest_route=\/wp\/v2\/posts\/315903"}],"collection":[{"href":"https:\/\/archive.sana.sy\/es\/index.php?rest_route=\/wp\/v2\/posts"}],"about":[{"href":"https:\/\/archive.sana.sy\/es\/index.php?rest_route=\/wp\/v2\/types\/post"}],"author":[{"embeddable":true,"href":"https:\/\/archive.sana.sy\/es\/index.php?rest_route=\/wp\/v2\/users\/31"}],"replies":[{"embeddable":true,"href":"https:\/\/archive.sana.sy\/es\/index.php?rest_route=%2Fwp%2Fv2%2Fcomments&post=315903"}],"version-history":[{"count":1,"href":"https:\/\/archive.sana.sy\/es\/index.php?rest_route=\/wp\/v2\/posts\/315903\/revisions"}],"predecessor-version":[{"id":315905,"href":"https:\/\/archive.sana.sy\/es\/index.php?rest_route=\/wp\/v2\/posts\/315903\/revisions\/315905"}],"wp:featuredmedia":[{"embeddable":true,"href":"https:\/\/archive.sana.sy\/es\/index.php?rest_route=\/wp\/v2\/media\/315904"}],"wp:attachment":[{"href":"https:\/\/archive.sana.sy\/es\/index.php?rest_route=%2Fwp%2Fv2%2Fmedia&parent=315903"}],"wp:term":[{"taxonomy":"category","embeddable":true,"href":"https:\/\/archive.sana.sy\/es\/index.php?rest_route=%2Fwp%2Fv2%2Fcategories&post=315903"},{"taxonomy":"post_tag","embeddable":true,"href":"https:\/\/archive.sana.sy\/es\/index.php?rest_route=%2Fwp%2Fv2%2Ftags&post=315903"}],"curies":[{"name":"wp","href":"https:\/\/api.w.org\/{rel}","templated":true}]}}