{"id":31592,"date":"2015-10-14T19:13:02","date_gmt":"2015-10-14T16:13:02","guid":{"rendered":"http:\/\/sana.sy\/es\/?p=31592"},"modified":"2015-10-14T19:13:02","modified_gmt":"2015-10-14T16:13:02","slug":"el-ejercito-iraqui-libera-la-refineria-de-baiji","status":"publish","type":"post","link":"https:\/\/archive.sana.sy\/es\/?p=31592","title":{"rendered":"El ej\u00e9rcito iraqu\u00ed libera la refiner\u00eda de Baiji"},"content":{"rendered":"<p style=\"text-align: justify\"><span style=\"color: #800000\">Bagdad, SANA<\/span>&#8211; Una fuente de comando de operaciones de la provincia de Saladino, confirm\u00f3 que las fuerzas de seguridad respaldadas por combatientes de las fuerzas populares lograron liberar por completo la refiner\u00eda de Baiji al norte de la ciudad de Tikrit despu\u00e9s de una feroz batalla que dej\u00f3 muchos muertos en las filas de la organizaci\u00f3n terrorista.<\/p>\n<p style=\"text-align: justify\">De acuerdo con al-Sumaria.tv\/news, las fuerzas iraqu\u00edes mataron a 27 terroristas durante los enfrentamientos que tuvieron lugar al sur de la ciudad de Baiji, mientras que otros diez terroristas fueron abatidos en un operativo de seguridad al sur de la ciudad de Tikrit.<\/p>\n<p style=\"text-align: justify\">Anteriormente, el comando conjunto de operaciones anuncio la liberalizaci\u00f3n de varias zonas al norte de la provincia de Saladino.<\/p>\n<p>M.Miri<\/p>\n","protected":false},"excerpt":{"rendered":"<p>Bagdad, SANA&#8211; Una fuente de comando de operaciones de la provincia de Saladino, confirm\u00f3 que las fuerzas de seguridad respaldadas por combatientes de las fuerzas populares lograron liberar por completo la refiner\u00eda de Baiji al norte de la ciudad de Tikrit despu\u00e9s de una feroz batalla que dej\u00f3 muchos muertos en las filas de la &hellip;<\/p>\n","protected":false},"author":1,"featured_media":30642,"comment_status":"closed","ping_status":"closed","sticky":false,"template":"","format":"standard","meta":{"footnotes":""},"categories":[456,457,576],"tags":[7040],"class_list":["post-31592","post","type-post","status-publish","format-standard","has-post-thumbnail","","category-arabe-internacional-politica","category-noticias-arabe-internacional-politica","category-noticias-politicas","tag-el-ejercito-iraqui-libera-la-refineria-de-baiji"],"_links":{"self":[{"href":"https:\/\/archive.sana.sy\/es\/index.php?rest_route=\/wp\/v2\/posts\/31592"}],"collection":[{"href":"https:\/\/archive.sana.sy\/es\/index.php?rest_route=\/wp\/v2\/posts"}],"about":[{"href":"https:\/\/archive.sana.sy\/es\/index.php?rest_route=\/wp\/v2\/types\/post"}],"author":[{"embeddable":true,"href":"https:\/\/archive.sana.sy\/es\/index.php?rest_route=\/wp\/v2\/users\/1"}],"replies":[{"embeddable":true,"href":"https:\/\/archive.sana.sy\/es\/index.php?rest_route=%2Fwp%2Fv2%2Fcomments&post=31592"}],"version-history":[{"count":0,"href":"https:\/\/archive.sana.sy\/es\/index.php?rest_route=\/wp\/v2\/posts\/31592\/revisions"}],"wp:featuredmedia":[{"embeddable":true,"href":"https:\/\/archive.sana.sy\/es\/index.php?rest_route=\/wp\/v2\/media\/30642"}],"wp:attachment":[{"href":"https:\/\/archive.sana.sy\/es\/index.php?rest_route=%2Fwp%2Fv2%2Fmedia&parent=31592"}],"wp:term":[{"taxonomy":"category","embeddable":true,"href":"https:\/\/archive.sana.sy\/es\/index.php?rest_route=%2Fwp%2Fv2%2Fcategories&post=31592"},{"taxonomy":"post_tag","embeddable":true,"href":"https:\/\/archive.sana.sy\/es\/index.php?rest_route=%2Fwp%2Fv2%2Ftags&post=31592"}],"curies":[{"name":"wp","href":"https:\/\/api.w.org\/{rel}","templated":true}]}}