{"id":315983,"date":"2023-12-04T11:30:25","date_gmt":"2023-12-04T08:30:25","guid":{"rendered":"https:\/\/sana.sy\/es\/?p=315983"},"modified":"2023-12-04T11:30:25","modified_gmt":"2023-12-04T08:30:25","slug":"siria-desmoviliza-nuevo-grupo-de-militares-de-reserva-y-del-servicio-militar-obligatorio","status":"publish","type":"post","link":"https:\/\/archive.sana.sy\/es\/?p=315983","title":{"rendered":"Siria desmoviliza nuevo grupo de militares de reserva y del servicio militar obligatorio"},"content":{"rendered":"<p style=\"text-align: justify;\"><span style=\"color: #800000;\"><strong>Damasco,04 dic (SANA)<\/strong><\/span>\u00a0 \u00a0El presidente sirio Bashar Al-Assad, comandante en jefe del Ej\u00e9rcito y las Fuerzas Armadas, emiti\u00f3 una orden administrativa que desmoviliza a oficiales reservistas y a militares del Servicio Militar Obligatorio, a partir del d\u00eda primero de febrero de 2024.<\/p>\n<p style=\"text-align: justify;\">Seg\u00fan la orden, ser\u00e1n liberados los oficiales reservistas que cumplieron m\u00e1s de un a\u00f1o de servicio real hasta la fecha del 31 de enero pr\u00f3ximo.<\/p>\n<p style=\"text-align: justify;\">De igual manera, ser\u00e1n desmovilizados los suboficiales a los militares del servicio obligatorio que cumplieron seis a\u00f1os de servicio real hasta la fecha del primero de febrero de 2024.<\/p>\n<p style=\"text-align: justify;\">El ej\u00e9rcito sirio moviliz\u00f3 a principio de la guerra a decenas de miles de reservistas a sus filas para enfrentar a cientos de agrupaciones radicales apoyadas por potencias regionales e internacionales para derrotar el gobierno de esta naci\u00f3n.<\/p>\n<p style=\"text-align: justify;\">Con la liberaci\u00f3n de la mayor parte del territorio nacional del terrorismo y la consolidaci\u00f3n de la estabilidad, el presidente emiti\u00f3 varias \u00f3rdenes de desmovilizaci\u00f3n, la \u00faltima fue en agosto del a\u00f1o en curso y abarc\u00f3 a los reservistas y a los militares del servicio obligatorio.<\/p>\n<p style=\"text-align: justify;\"><strong>fm\/ws<\/strong><\/p>\n","protected":false},"excerpt":{"rendered":"<p>Damasco,04 dic (SANA)\u00a0 \u00a0El presidente sirio Bashar Al-Assad, comandante en jefe del Ej\u00e9rcito y las Fuerzas Armadas, emiti\u00f3 una orden administrativa que desmoviliza a oficiales reservistas y a militares del Servicio Militar Obligatorio, a partir del d\u00eda primero de febrero de 2024. Seg\u00fan la orden, ser\u00e1n liberados los oficiales reservistas que cumplieron m\u00e1s de un &hellip;<\/p>\n","protected":false},"author":35,"featured_media":315984,"comment_status":"closed","ping_status":"closed","sticky":false,"template":"","format":"standard","meta":{"footnotes":""},"categories":[477,447,597,20724,476,583],"tags":[],"class_list":["post-315983","post","type-post","status-publish","format-standard","has-post-thumbnail","","category-noticias-edulcorantes","category-local-politica","category-cinta-de-noticias","category-minuto-a-minuto","category-locales","category-slide"],"_links":{"self":[{"href":"https:\/\/archive.sana.sy\/es\/index.php?rest_route=\/wp\/v2\/posts\/315983"}],"collection":[{"href":"https:\/\/archive.sana.sy\/es\/index.php?rest_route=\/wp\/v2\/posts"}],"about":[{"href":"https:\/\/archive.sana.sy\/es\/index.php?rest_route=\/wp\/v2\/types\/post"}],"author":[{"embeddable":true,"href":"https:\/\/archive.sana.sy\/es\/index.php?rest_route=\/wp\/v2\/users\/35"}],"replies":[{"embeddable":true,"href":"https:\/\/archive.sana.sy\/es\/index.php?rest_route=%2Fwp%2Fv2%2Fcomments&post=315983"}],"version-history":[{"count":1,"href":"https:\/\/archive.sana.sy\/es\/index.php?rest_route=\/wp\/v2\/posts\/315983\/revisions"}],"predecessor-version":[{"id":315985,"href":"https:\/\/archive.sana.sy\/es\/index.php?rest_route=\/wp\/v2\/posts\/315983\/revisions\/315985"}],"wp:featuredmedia":[{"embeddable":true,"href":"https:\/\/archive.sana.sy\/es\/index.php?rest_route=\/wp\/v2\/media\/315984"}],"wp:attachment":[{"href":"https:\/\/archive.sana.sy\/es\/index.php?rest_route=%2Fwp%2Fv2%2Fmedia&parent=315983"}],"wp:term":[{"taxonomy":"category","embeddable":true,"href":"https:\/\/archive.sana.sy\/es\/index.php?rest_route=%2Fwp%2Fv2%2Fcategories&post=315983"},{"taxonomy":"post_tag","embeddable":true,"href":"https:\/\/archive.sana.sy\/es\/index.php?rest_route=%2Fwp%2Fv2%2Ftags&post=315983"}],"curies":[{"name":"wp","href":"https:\/\/api.w.org\/{rel}","templated":true}]}}