{"id":315986,"date":"2023-12-04T12:14:37","date_gmt":"2023-12-04T09:14:37","guid":{"rendered":"https:\/\/sana.sy\/es\/?p=315986"},"modified":"2023-12-04T12:14:37","modified_gmt":"2023-12-04T09:14:37","slug":"con-participacion-de-siria-conferencia-cop28-retoma-actividades-en-dubai","status":"publish","type":"post","link":"https:\/\/archive.sana.sy\/es\/?p=315986","title":{"rendered":"Con participaci\u00f3n de Siria, Conferencia COP28 retoma actividades en Dub\u00e1i"},"content":{"rendered":"<p style=\"text-align: justify;\"><span style=\"color: #800000;\"><strong>\u00a0Dub\u00e1i, 04 dic (SANA)<\/strong> <\/span>La 28\u00aa Conferencia de las Partes de la Convenci\u00f3n Marco de las Naciones Unidas sobre el Cambio Clim\u00e1tico (COP 28) contin\u00faa sus actividades en Dubai, capital de los Emiratos \u00c1rabes Unidos.<\/p>\n<p style=\"text-align: justify;\">Con la participaci\u00f3n de la delegaci\u00f3n t\u00e9cnica siria se celebr\u00f3 una reuni\u00f3n de alto nivel dentro de las actividades de la conferencia sobre transici\u00f3n energ\u00e9tica.<\/p>\n<p style=\"text-align: justify;\">El ministro adjunto de Recursos H\u00eddricos, Jihad Kanaan, destac\u00f3 la necesidad de que la justicia y los principios del Acuerdo Marco sean la base de esta transici\u00f3n, y que estos principios b\u00e1sicos deben respetarse, de lo contrario s\u00f3lo habr\u00e1 impactos ambientales m\u00e1s importantes y devastadores.<\/p>\n<p style=\"text-align: justify;\">&#8220;Hay muchos pa\u00edses que han estado sufriendo sanciones que les impiden acceder a los recursos de financiaci\u00f3n, por lo que no pueden lograr sus objetivos de reducir los impactos clim\u00e1ticos\u201d, agreg\u00f3 Kanaan.<\/p>\n<p style=\"text-align: justify;\">Destac\u00f3 la necesidad de trabajar para levantar estas sanciones y brindar a todos los pa\u00edses la oportunidad de acceder a los recursos de financiaci\u00f3n, para que puedan implementar sus obligaciones ambientales en todos los campos, incluida la transici\u00f3n energ\u00e9tica justa.<\/p>\n<p style=\"text-align: justify;\">ed\/fm<\/p>\n","protected":false},"excerpt":{"rendered":"<p>\u00a0Dub\u00e1i, 04 dic (SANA) La 28\u00aa Conferencia de las Partes de la Convenci\u00f3n Marco de las Naciones Unidas sobre el Cambio Clim\u00e1tico (COP 28) contin\u00faa sus actividades en Dubai, capital de los Emiratos \u00c1rabes Unidos. Con la participaci\u00f3n de la delegaci\u00f3n t\u00e9cnica siria se celebr\u00f3 una reuni\u00f3n de alto nivel dentro de las actividades de &hellip;<\/p>\n","protected":false},"author":32,"featured_media":315987,"comment_status":"closed","ping_status":"closed","sticky":false,"template":"","format":"standard","meta":{"footnotes":""},"categories":[597,20724,467,7541],"tags":[],"class_list":["post-315986","post","type-post","status-publish","format-standard","has-post-thumbnail","","category-cinta-de-noticias","category-minuto-a-minuto","category-siria-y-el-mundo","category-ultimas-noticias"],"_links":{"self":[{"href":"https:\/\/archive.sana.sy\/es\/index.php?rest_route=\/wp\/v2\/posts\/315986"}],"collection":[{"href":"https:\/\/archive.sana.sy\/es\/index.php?rest_route=\/wp\/v2\/posts"}],"about":[{"href":"https:\/\/archive.sana.sy\/es\/index.php?rest_route=\/wp\/v2\/types\/post"}],"author":[{"embeddable":true,"href":"https:\/\/archive.sana.sy\/es\/index.php?rest_route=\/wp\/v2\/users\/32"}],"replies":[{"embeddable":true,"href":"https:\/\/archive.sana.sy\/es\/index.php?rest_route=%2Fwp%2Fv2%2Fcomments&post=315986"}],"version-history":[{"count":1,"href":"https:\/\/archive.sana.sy\/es\/index.php?rest_route=\/wp\/v2\/posts\/315986\/revisions"}],"predecessor-version":[{"id":315988,"href":"https:\/\/archive.sana.sy\/es\/index.php?rest_route=\/wp\/v2\/posts\/315986\/revisions\/315988"}],"wp:featuredmedia":[{"embeddable":true,"href":"https:\/\/archive.sana.sy\/es\/index.php?rest_route=\/wp\/v2\/media\/315987"}],"wp:attachment":[{"href":"https:\/\/archive.sana.sy\/es\/index.php?rest_route=%2Fwp%2Fv2%2Fmedia&parent=315986"}],"wp:term":[{"taxonomy":"category","embeddable":true,"href":"https:\/\/archive.sana.sy\/es\/index.php?rest_route=%2Fwp%2Fv2%2Fcategories&post=315986"},{"taxonomy":"post_tag","embeddable":true,"href":"https:\/\/archive.sana.sy\/es\/index.php?rest_route=%2Fwp%2Fv2%2Ftags&post=315986"}],"curies":[{"name":"wp","href":"https:\/\/api.w.org\/{rel}","templated":true}]}}