{"id":315997,"date":"2023-12-04T14:24:44","date_gmt":"2023-12-04T11:24:44","guid":{"rendered":"https:\/\/sana.sy\/es\/?p=315997"},"modified":"2023-12-04T14:24:44","modified_gmt":"2023-12-04T11:24:44","slug":"iran-y-cuba-firman-acuerdos-de-cooperacion-en-diversas-areas","status":"publish","type":"post","link":"https:\/\/archive.sana.sy\/es\/?p=315997","title":{"rendered":"Ir\u00e1n y Cuba firman acuerdos de cooperaci\u00f3n en diversas \u00e1reas"},"content":{"rendered":"<blockquote>\n<p style=\"text-align: justify;\"><span style=\"color: #800000;\">Firmaron un contrato de transferencia de conocimiento en materia de vacunas y el memorando de entendimiento de cooperaci\u00f3n estrat\u00e9gica entre los institutos Pasteur de Ir\u00e1n y Finlay de Cuba para el desarrollo cl\u00ednico y precl\u00ednico de inmunizantes.<\/span><\/p>\n<\/blockquote>\n<p style=\"text-align: justify;\">\n<span style=\"color: #800000;\"><strong>Teher\u00e1n, 4 dic (SANA)<\/strong> <\/span>Los presidentes de Ir\u00e1n y Cuba, Seyed Ebrahim Raisi y Miguel D\u00edaz-Canel, encabezaron la r\u00fabrica de m\u00e1s de seis acuerdos y memorandos de colaboraci\u00f3n bilateral.<\/p>\n<p><img loading=\"lazy\" decoding=\"async\" class=\"size-medium wp-image-315999 alignright\" src=\"http:\/\/sana.sy\/es\/wp-content\/uploads\/2023\/12\/photo_2023-12-04_14-18-36-300x200.jpg\" alt=\"\" width=\"300\" height=\"200\" srcset=\"https:\/\/archive.sana.sy\/es\/wp-content\/uploads\/2023\/12\/photo_2023-12-04_14-18-36-300x200.jpg 300w, https:\/\/archive.sana.sy\/es\/wp-content\/uploads\/2023\/12\/photo_2023-12-04_14-18-36-1024x682.jpg 1024w, https:\/\/archive.sana.sy\/es\/wp-content\/uploads\/2023\/12\/photo_2023-12-04_14-18-36-150x100.jpg 150w, https:\/\/archive.sana.sy\/es\/wp-content\/uploads\/2023\/12\/photo_2023-12-04_14-18-36-768x512.jpg 768w, https:\/\/archive.sana.sy\/es\/wp-content\/uploads\/2023\/12\/photo_2023-12-04_14-18-36.jpg 1280w\" sizes=\"(max-width: 300px) 100vw, 300px\" \/><\/p>\n<p style=\"text-align: justify;\">Ambos mandatarios presidieron la ceremonia de firma de instrumentos de colaboraci\u00f3n en diversas \u00e1reas que incluyen agricultura, ganader\u00eda, pesca, miner\u00eda y energ\u00eda.<\/p>\n<p style=\"text-align: justify;\">Seg\u00fan reportes de la agencia Prensa Latina, los primeros documentos fueron firmados por la parte cubana por el canciller Bruno Rodr\u00edguez, mientras por Ir\u00e1n fueron el vicepresidente iran\u00ed para Asuntos Cient\u00edficos y Tecnol\u00f3gicos, Ruhollah Dehghani.<\/p>\n<p style=\"text-align: justify;\">Un memorando de entendimiento en materia de colaboraci\u00f3n energ\u00e9tica fue signado por Seyyed Solat Mortazavi, ministro de Cooperativas, Trabajo y Bienestar Social de Ir\u00e1n, y Vicente de la O Levy, ministro de Energ\u00eda y Minas de Cuba.<\/p>\n<p style=\"text-align: justify;\">Sumaron el plan de acci\u00f3n conjunta para la cooperaci\u00f3n de salud y ciencia m\u00e9dica bajo la firma del viceministro de Salud del pa\u00eds persa, Heidar Mohamadi, y la viceministra de salud del pa\u00eds antillano, Tania Margarita Hern\u00e1ndez.<\/p>\n<p style=\"text-align: justify;\">A la lista de textos se agreg\u00f3 otro plan de acci\u00f3n conjunta en materia de telecomunicaciones entre las carpetas del tema de ambos pa\u00edses.<\/p>\n<p style=\"text-align: justify;\">Firmaron un contrato de transferencia de conocimiento en materia de vacunas y el memorando de entendimiento de cooperaci\u00f3n estrat\u00e9gica entre los institutos Pasteur de Ir\u00e1n y Finlay de Cuba para el desarrollo cl\u00ednico y precl\u00ednico de inmunizantes.<\/p>\n<p style=\"text-align: justify;\">Adem\u00e1s, el director del Instituto Pasteur iran\u00ed, Alireza Biglari, y Vicente Guillermo P\u00e9rez, director general del Instituto Finlay de Vacunas, acordaron el contrato de transferencia de conocimiento en esa materia.<\/p>\n<p style=\"text-align: justify;\"><strong>fm\/ws<\/strong><\/p>\n","protected":false},"excerpt":{"rendered":"<p>Firmaron un contrato de transferencia de conocimiento en materia de vacunas y el memorando de entendimiento de cooperaci\u00f3n estrat\u00e9gica entre los institutos Pasteur de Ir\u00e1n y Finlay de Cuba para el desarrollo cl\u00ednico y precl\u00ednico de inmunizantes. Teher\u00e1n, 4 dic (SANA) Los presidentes de Ir\u00e1n y Cuba, Seyed Ebrahim Raisi y Miguel D\u00edaz-Canel, encabezaron la &hellip;<\/p>\n","protected":false},"author":35,"featured_media":315998,"comment_status":"closed","ping_status":"closed","sticky":false,"template":"","format":"standard","meta":{"footnotes":""},"categories":[597,456,16687,20724,7541],"tags":[],"class_list":["post-315997","post","type-post","status-publish","format-standard","has-post-thumbnail","","category-cinta-de-noticias","category-arabe-internacional-politica","category-internacionales","category-minuto-a-minuto","category-ultimas-noticias"],"_links":{"self":[{"href":"https:\/\/archive.sana.sy\/es\/index.php?rest_route=\/wp\/v2\/posts\/315997"}],"collection":[{"href":"https:\/\/archive.sana.sy\/es\/index.php?rest_route=\/wp\/v2\/posts"}],"about":[{"href":"https:\/\/archive.sana.sy\/es\/index.php?rest_route=\/wp\/v2\/types\/post"}],"author":[{"embeddable":true,"href":"https:\/\/archive.sana.sy\/es\/index.php?rest_route=\/wp\/v2\/users\/35"}],"replies":[{"embeddable":true,"href":"https:\/\/archive.sana.sy\/es\/index.php?rest_route=%2Fwp%2Fv2%2Fcomments&post=315997"}],"version-history":[{"count":1,"href":"https:\/\/archive.sana.sy\/es\/index.php?rest_route=\/wp\/v2\/posts\/315997\/revisions"}],"predecessor-version":[{"id":316000,"href":"https:\/\/archive.sana.sy\/es\/index.php?rest_route=\/wp\/v2\/posts\/315997\/revisions\/316000"}],"wp:featuredmedia":[{"embeddable":true,"href":"https:\/\/archive.sana.sy\/es\/index.php?rest_route=\/wp\/v2\/media\/315998"}],"wp:attachment":[{"href":"https:\/\/archive.sana.sy\/es\/index.php?rest_route=%2Fwp%2Fv2%2Fmedia&parent=315997"}],"wp:term":[{"taxonomy":"category","embeddable":true,"href":"https:\/\/archive.sana.sy\/es\/index.php?rest_route=%2Fwp%2Fv2%2Fcategories&post=315997"},{"taxonomy":"post_tag","embeddable":true,"href":"https:\/\/archive.sana.sy\/es\/index.php?rest_route=%2Fwp%2Fv2%2Ftags&post=315997"}],"curies":[{"name":"wp","href":"https:\/\/api.w.org\/{rel}","templated":true}]}}