{"id":316001,"date":"2023-12-04T14:32:24","date_gmt":"2023-12-04T11:32:24","guid":{"rendered":"https:\/\/sana.sy\/es\/?p=316001"},"modified":"2023-12-04T14:32:46","modified_gmt":"2023-12-04T11:32:46","slug":"presidente-chileno-califica-de-brutal-al-regimen-israeli","status":"publish","type":"post","link":"https:\/\/archive.sana.sy\/es\/?p=316001","title":{"rendered":"Presidente chileno califica de brutal al r\u00e9gimen israel\u00ed"},"content":{"rendered":"<p style=\"text-align: justify;\"><span style=\"color: #000000;\"><strong><span style=\"color: #800000;\">Santiago de Chile, 04 dic (SANA)<\/span>\u00a0<\/strong><\/span> El presidente chileno Gabriel Boric, critic\u00f3 las agresiones del r\u00e9gimen israel\u00ed contra la Franja de Gaza, y las calific\u00f3 como brutales.<\/p>\n<p style=\"text-align: justify;\">&#8220;Brutalidad inhumana de Netanyahu y su gobierno\u201d, public\u00f3 Boric a trav\u00e9s de sus historias de Instagram, tras conocerse un informe de la ONU seg\u00fan el cual en ese territorio palestino han muerto m\u00e1s menores que en cualquier otra guerra en un a\u00f1o.<\/p>\n<p style=\"text-align: justify;\">El mandatario public\u00f3 en su cuenta de Instagram una foto de Gaza totalmente destruida por los bombardeos israel\u00edes.<\/p>\n<p style=\"text-align: justify;\">La directora ejecutiva del Fondo de las Naciones Unidas para la Infancia, UNICEF, Catherine Russell, se\u00f1al\u00f3 que lo que vio y escuch\u00f3 en Gaza fue desgarrador ya que no hay un lugar seguro para los ni\u00f1os, que suman hasta un mill\u00f3n.<\/p>\n<p style=\"text-align: justify;\">En octubre pasado, el presidente chileno llam\u00f3 a consultas a su embajador en Israel, Jorge Carvajal, ante las inaceptables violaciones del derecho internacional humanitario cometidas por Tel Aviv.<\/p>\n<p style=\"text-align: justify;\"><strong>ws\/fm<\/strong><\/p>\n","protected":false},"excerpt":{"rendered":"<p>Santiago de Chile, 04 dic (SANA)\u00a0 El presidente chileno Gabriel Boric, critic\u00f3 las agresiones del r\u00e9gimen israel\u00ed contra la Franja de Gaza, y las calific\u00f3 como brutales. &#8220;Brutalidad inhumana de Netanyahu y su gobierno\u201d, public\u00f3 Boric a trav\u00e9s de sus historias de Instagram, tras conocerse un informe de la ONU seg\u00fan el cual en ese &hellip;<\/p>\n","protected":false},"author":35,"featured_media":316003,"comment_status":"closed","ping_status":"closed","sticky":false,"template":"","format":"standard","meta":{"footnotes":""},"categories":[597,456,16687,20724,7541],"tags":[],"class_list":["post-316001","post","type-post","status-publish","format-standard","has-post-thumbnail","","category-cinta-de-noticias","category-arabe-internacional-politica","category-internacionales","category-minuto-a-minuto","category-ultimas-noticias"],"_links":{"self":[{"href":"https:\/\/archive.sana.sy\/es\/index.php?rest_route=\/wp\/v2\/posts\/316001"}],"collection":[{"href":"https:\/\/archive.sana.sy\/es\/index.php?rest_route=\/wp\/v2\/posts"}],"about":[{"href":"https:\/\/archive.sana.sy\/es\/index.php?rest_route=\/wp\/v2\/types\/post"}],"author":[{"embeddable":true,"href":"https:\/\/archive.sana.sy\/es\/index.php?rest_route=\/wp\/v2\/users\/35"}],"replies":[{"embeddable":true,"href":"https:\/\/archive.sana.sy\/es\/index.php?rest_route=%2Fwp%2Fv2%2Fcomments&post=316001"}],"version-history":[{"count":3,"href":"https:\/\/archive.sana.sy\/es\/index.php?rest_route=\/wp\/v2\/posts\/316001\/revisions"}],"predecessor-version":[{"id":316005,"href":"https:\/\/archive.sana.sy\/es\/index.php?rest_route=\/wp\/v2\/posts\/316001\/revisions\/316005"}],"wp:featuredmedia":[{"embeddable":true,"href":"https:\/\/archive.sana.sy\/es\/index.php?rest_route=\/wp\/v2\/media\/316003"}],"wp:attachment":[{"href":"https:\/\/archive.sana.sy\/es\/index.php?rest_route=%2Fwp%2Fv2%2Fmedia&parent=316001"}],"wp:term":[{"taxonomy":"category","embeddable":true,"href":"https:\/\/archive.sana.sy\/es\/index.php?rest_route=%2Fwp%2Fv2%2Fcategories&post=316001"},{"taxonomy":"post_tag","embeddable":true,"href":"https:\/\/archive.sana.sy\/es\/index.php?rest_route=%2Fwp%2Fv2%2Ftags&post=316001"}],"curies":[{"name":"wp","href":"https:\/\/api.w.org\/{rel}","templated":true}]}}