{"id":31617,"date":"2015-10-14T23:09:20","date_gmt":"2015-10-14T20:09:20","guid":{"rendered":"http:\/\/sana.sy\/es\/?p=31617"},"modified":"2015-10-14T23:09:20","modified_gmt":"2015-10-14T20:09:20","slug":"dehghan-las-operaciones-conjuntas-entre-siria-irak-iran-y-rusia-allanan-para-la-eliminacion-a-daesh","status":"publish","type":"post","link":"https:\/\/archive.sana.sy\/es\/?p=31617","title":{"rendered":"Dehghan: las operaciones conjuntas entre Siria, Irak, Ir\u00e1n y Rusia allanan para la eliminaci\u00f3n a &#8220;Daesh"},"content":{"rendered":"<p><span style=\"color: #800000\">Teher\u00e1n, SANA<\/span>&#8211; El ministro de Defensa general de brigada ,Hossein Dehghan, confirm\u00f3 que las nuevas operaciones conjuntas entre Ir\u00e1n, Siria, Irak y Rusia allanan el camino para la eliminaci\u00f3n ala organizaci\u00f3n terrorista de &#8220;Daesh&#8221; y para la expulsi\u00f3n de las organizaciones terroristas de Siria.<\/p>\n<p style=\"text-align: justify\">Dehghan en su discurso celebrado en la ceremonia de hoy para conmemorar el m\u00e1rtir Hussein Hamdani, que fue martirizado durante su misi\u00f3n de asesoramiento en Siria.<\/p>\n<p style=\"text-align: justify\">&#8220;Los nuevos avances en Siria llevaran a la eliminaci\u00f3n total de los grupos terroristas&#8221;, subrayando que &#8220;gracias a los m\u00e1rtires como el general de brigada Hamdani, la evoluci\u00f3n en este pa\u00eds se est\u00e1 emergiendo\u201d, dijo\u00a0Dehghan.<\/p>\n<p style=\"text-align: justify\">Ir\u00e1n enterr\u00f3 el domingo pasado en un acto oficial y popular el m\u00e1rtir el mayor general Hamdani ca\u00eddo la zona rural de Alepo en la presencia de representantes del comandante de la revoluci\u00f3n iran\u00ed, el presidente de Ir\u00e1n, los funcionarios y comandantes militares de alto nivel.<\/p>\n<p>M.Miri<\/p>\n","protected":false},"excerpt":{"rendered":"<p>Teher\u00e1n, SANA&#8211; El ministro de Defensa general de brigada ,Hossein Dehghan, confirm\u00f3 que las nuevas operaciones conjuntas entre Ir\u00e1n, Siria, Irak y Rusia allanan el camino para la eliminaci\u00f3n ala organizaci\u00f3n terrorista de &#8220;Daesh&#8221; y para la expulsi\u00f3n de las organizaciones terroristas de Siria. Dehghan en su discurso celebrado en la ceremonia de hoy para &hellip;<\/p>\n","protected":false},"author":1,"featured_media":31618,"comment_status":"closed","ping_status":"closed","sticky":false,"template":"","format":"standard","meta":{"footnotes":""},"categories":[1],"tags":[7049,7047,7023,7048],"class_list":["post-31617","post","type-post","status-publish","format-standard","has-post-thumbnail","","category-news-not-sorted","tag-dehghan-las-operaciones-conjuntas-entre-siria","tag-dehghan-las-operaciones-conjuntas-entre-siria-e-irak","tag-irak","tag-iran-y-rusia-allanan-para-la-eliminacion-a-daesh"],"_links":{"self":[{"href":"https:\/\/archive.sana.sy\/es\/index.php?rest_route=\/wp\/v2\/posts\/31617"}],"collection":[{"href":"https:\/\/archive.sana.sy\/es\/index.php?rest_route=\/wp\/v2\/posts"}],"about":[{"href":"https:\/\/archive.sana.sy\/es\/index.php?rest_route=\/wp\/v2\/types\/post"}],"author":[{"embeddable":true,"href":"https:\/\/archive.sana.sy\/es\/index.php?rest_route=\/wp\/v2\/users\/1"}],"replies":[{"embeddable":true,"href":"https:\/\/archive.sana.sy\/es\/index.php?rest_route=%2Fwp%2Fv2%2Fcomments&post=31617"}],"version-history":[{"count":0,"href":"https:\/\/archive.sana.sy\/es\/index.php?rest_route=\/wp\/v2\/posts\/31617\/revisions"}],"wp:featuredmedia":[{"embeddable":true,"href":"https:\/\/archive.sana.sy\/es\/index.php?rest_route=\/wp\/v2\/media\/31618"}],"wp:attachment":[{"href":"https:\/\/archive.sana.sy\/es\/index.php?rest_route=%2Fwp%2Fv2%2Fmedia&parent=31617"}],"wp:term":[{"taxonomy":"category","embeddable":true,"href":"https:\/\/archive.sana.sy\/es\/index.php?rest_route=%2Fwp%2Fv2%2Fcategories&post=31617"},{"taxonomy":"post_tag","embeddable":true,"href":"https:\/\/archive.sana.sy\/es\/index.php?rest_route=%2Fwp%2Fv2%2Ftags&post=31617"}],"curies":[{"name":"wp","href":"https:\/\/api.w.org\/{rel}","templated":true}]}}