{"id":316242,"date":"2023-12-06T15:08:16","date_gmt":"2023-12-06T12:08:16","guid":{"rendered":"https:\/\/sana.sy\/es\/?p=316242"},"modified":"2023-12-14T15:41:49","modified_gmt":"2023-12-14T12:41:49","slug":"dos-embajadores-de-siria-prestan-el-juramento-constitucional-ante-el-presidente-al-assad","status":"publish","type":"post","link":"https:\/\/archive.sana.sy\/es\/?p=316242","title":{"rendered":"Dos embajadores de Siria prestan el juramento constitucional ante el presidente Al-Assad"},"content":{"rendered":"<p style=\"text-align: justify;\"><span style=\"color: #800000;\"><strong>Damasco, 06 dic (SANA) \u00a0<\/strong><\/span>\u00a0Ayman Soussan prest\u00f3 hoy juramento constitucional \u00a0ante el Presidente Bashar al-Assad, como Embajador de Siria ante Arabia Saudita.<\/p>\n<p style=\"text-align: justify;\">Asimismo, Maher Baddour prest\u00f3 juramento constitucional \u00a0ante el Presidente al-Assad como Embajador de Siria ante Argelia.<\/p>\n<p style=\"text-align: justify;\">El presidente Al-Assad se reuni\u00f3 con los nuevos embajadores y les brind\u00f3 sus instrucciones, y les dese\u00f3 \u00e9xito en sus nuevas funciones.<\/p>\n<p style=\"text-align: justify;\">A la ceremonia de juramento asisti\u00f3 Faisal Al-Mekdad, ministro de Asuntos Exteriores y Expatriados de Siria.<\/p>\n<div id='gallery-1' class='gallery galleryid-316242 gallery-columns-1 gallery-size-full'><figure class='gallery-item'>\n\t\t\t<div class='gallery-icon landscape'>\n\t\t\t\t<a href='https:\/\/archive.sana.sy\/es\/wp-content\/uploads\/2023\/12\/IMG_5146.jpg'><img loading=\"lazy\" decoding=\"async\" width=\"660\" height=\"482\" src=\"https:\/\/archive.sana.sy\/es\/wp-content\/uploads\/2023\/12\/IMG_5146.jpg\" class=\"attachment-full size-full\" alt=\"\" srcset=\"https:\/\/archive.sana.sy\/es\/wp-content\/uploads\/2023\/12\/IMG_5146.jpg 660w, https:\/\/archive.sana.sy\/es\/wp-content\/uploads\/2023\/12\/IMG_5146-300x219.jpg 300w, https:\/\/archive.sana.sy\/es\/wp-content\/uploads\/2023\/12\/IMG_5146-150x110.jpg 150w\" sizes=\"(max-width: 660px) 100vw, 660px\" \/><\/a>\n\t\t\t<\/div><\/figure>\n\t\t<\/div>\n\n<p style=\"text-align: justify;\">rr<\/p>\n","protected":false},"excerpt":{"rendered":"<p>Damasco, 06 dic (SANA) \u00a0\u00a0Ayman Soussan prest\u00f3 hoy juramento constitucional \u00a0ante el Presidente Bashar al-Assad, como Embajador de Siria ante Arabia Saudita. Asimismo, Maher Baddour prest\u00f3 juramento constitucional \u00a0ante el Presidente al-Assad como Embajador de Siria ante Argelia. El presidente Al-Assad se reuni\u00f3 con los nuevos embajadores y les brind\u00f3 sus instrucciones, y les dese\u00f3 &hellip;<\/p>\n","protected":false},"author":31,"featured_media":316243,"comment_status":"closed","ping_status":"closed","sticky":false,"template":"","format":"standard","meta":{"footnotes":""},"categories":[597,476,16237,583],"tags":[7783,6867,7161,6553],"class_list":["post-316242","post","type-post","status-publish","format-standard","has-post-thumbnail","","category-cinta-de-noticias","category-locales","category-presidence-de-la-republique-arabe-syria","category-slide","tag-arabia-saudita","tag-argelia","tag-damasco","tag-siria"],"_links":{"self":[{"href":"https:\/\/archive.sana.sy\/es\/index.php?rest_route=\/wp\/v2\/posts\/316242"}],"collection":[{"href":"https:\/\/archive.sana.sy\/es\/index.php?rest_route=\/wp\/v2\/posts"}],"about":[{"href":"https:\/\/archive.sana.sy\/es\/index.php?rest_route=\/wp\/v2\/types\/post"}],"author":[{"embeddable":true,"href":"https:\/\/archive.sana.sy\/es\/index.php?rest_route=\/wp\/v2\/users\/31"}],"replies":[{"embeddable":true,"href":"https:\/\/archive.sana.sy\/es\/index.php?rest_route=%2Fwp%2Fv2%2Fcomments&post=316242"}],"version-history":[{"count":1,"href":"https:\/\/archive.sana.sy\/es\/index.php?rest_route=\/wp\/v2\/posts\/316242\/revisions"}],"predecessor-version":[{"id":316245,"href":"https:\/\/archive.sana.sy\/es\/index.php?rest_route=\/wp\/v2\/posts\/316242\/revisions\/316245"}],"wp:featuredmedia":[{"embeddable":true,"href":"https:\/\/archive.sana.sy\/es\/index.php?rest_route=\/wp\/v2\/media\/316243"}],"wp:attachment":[{"href":"https:\/\/archive.sana.sy\/es\/index.php?rest_route=%2Fwp%2Fv2%2Fmedia&parent=316242"}],"wp:term":[{"taxonomy":"category","embeddable":true,"href":"https:\/\/archive.sana.sy\/es\/index.php?rest_route=%2Fwp%2Fv2%2Fcategories&post=316242"},{"taxonomy":"post_tag","embeddable":true,"href":"https:\/\/archive.sana.sy\/es\/index.php?rest_route=%2Fwp%2Fv2%2Ftags&post=316242"}],"curies":[{"name":"wp","href":"https:\/\/api.w.org\/{rel}","templated":true}]}}