{"id":31627,"date":"2015-10-15T12:17:51","date_gmt":"2015-10-15T09:17:51","guid":{"rendered":"http:\/\/sana.sy\/es\/?p=31627"},"modified":"2015-10-15T12:17:51","modified_gmt":"2015-10-15T09:17:51","slug":"boroujerdi-cualquier-iniciativa-se-debe-coordinar-con-el-gobierno-sirio-para-que-tenga-resultado","status":"publish","type":"post","link":"https:\/\/archive.sana.sy\/es\/?p=31627","title":{"rendered":"Boroujerdi: cualquier iniciativa se debe coordinar con el gobierno sirio para que tenga resultado"},"content":{"rendered":"<p><span style=\"color: #800000\">Damasco, SANA<\/span><\/p>\n<p>El presidente de la Comisi\u00f3n de Seguridad Nacional y Pol\u00edtica Exterior en el Consejo de la Shura iran\u00ed, Alaeddin Boroujerdi, efectu\u00f3 una rueda de prensa al concluir su visita oficial de tres d\u00edas a Siria.<\/p>\n<p>Boroujerdi asegur\u00f3 que su visita a Damasco tiene como objetivo confirmar el apoyo iran\u00ed a Siria, que est\u00e1 en la primera l\u00ednea de la resistencia.<\/p>\n<p>Asimismo, asegur\u00f3 que la soluci\u00f3n pol\u00edtica es la \u00fanica manera de salir de la crisis en Siria, se\u00f1alando que cualquier iniciativa que no lleva a cabo en coordinaci\u00f3n con el gobierno sirio, no lograr\u00e1 ning\u00fan resultado.<\/p>\n<p>En este sentido, opin\u00f3 que las operaciones militares rusas en apoyo de Siria en la lucha contra el terrorismo respaldan los esfuerzos que se realizan en el campo de la soluci\u00f3n pol\u00edtica a la crisis.<\/p>\n<p>El alto funcionario iran\u00ed manifest\u00f3 que los terroristas provienen de decenas de pa\u00edses a Siria y reciben apoyo y formaci\u00f3n por parte de algunos pa\u00edses de la regi\u00f3n y potencias mundiales, e indic\u00f3 que el pueblo sirio defiende la dignidad y la seguridad de su pa\u00eds.<\/p>\n<p>Asegur\u00f3 adem\u00e1s, que la resistencia de Siria ante esta gran agresi\u00f3n terrorista merece todo aprecio, y agreg\u00f3 que la agresi\u00f3n contra Siria es un complot demon\u00edaco que apunta a liquidar la causa palestina.<\/p>\n<p>En respuesta a una pregunta sobre la implicaci\u00f3n del gobierno turco en Siria, el alto pol\u00edtico iran\u00ed explic\u00f3 que Ir\u00e1n se opone a la pol\u00edtica turca hacia siria y a su apoyo directo a los terroristas, precisando que ese involucramiento turca en Siria es muy peligroso y tendr\u00e1 impacto negativo sobre el terreno.<\/p>\n<p>Boroujerdi reiter\u00f3 la condena de su pa\u00eds a los cr\u00edmenes cometidos por el r\u00e9gimen de Al-Saud contra el pueblo de Yemen, y se\u00f1al\u00f3 que las estad\u00edsticas indican que las v\u00edctimas de la poblaci\u00f3n yemen\u00ed han llegado a cerca de 13 mil muertos, de ellos cinco mil ni\u00f1os menores de 12 a\u00f1os, y unos 20.000 heridos.<br \/>\n<span style=\"color: #00ccff\">Fady M., Hala B.<\/span><\/p>\n","protected":false},"excerpt":{"rendered":"<p>Damasco, SANA El presidente de la Comisi\u00f3n de Seguridad Nacional y Pol\u00edtica Exterior en el Consejo de la Shura iran\u00ed, Alaeddin Boroujerdi, efectu\u00f3 una rueda de prensa al concluir su visita oficial de tres d\u00edas a Siria. Boroujerdi asegur\u00f3 que su visita a Damasco tiene como objetivo confirmar el apoyo iran\u00ed a Siria, que est\u00e1 &hellip;<\/p>\n","protected":false},"author":1,"featured_media":31628,"comment_status":"closed","ping_status":"closed","sticky":false,"template":"","format":"standard","meta":{"footnotes":""},"categories":[456,457,576],"tags":[7052],"class_list":["post-31627","post","type-post","status-publish","format-standard","has-post-thumbnail","","category-arabe-internacional-politica","category-noticias-arabe-internacional-politica","category-noticias-politicas","tag-boroujerdi-cualquier-iniciativa-se-debe-coordinar-con-el-gobierno-sirio-para-que-tenga-resultado"],"_links":{"self":[{"href":"https:\/\/archive.sana.sy\/es\/index.php?rest_route=\/wp\/v2\/posts\/31627"}],"collection":[{"href":"https:\/\/archive.sana.sy\/es\/index.php?rest_route=\/wp\/v2\/posts"}],"about":[{"href":"https:\/\/archive.sana.sy\/es\/index.php?rest_route=\/wp\/v2\/types\/post"}],"author":[{"embeddable":true,"href":"https:\/\/archive.sana.sy\/es\/index.php?rest_route=\/wp\/v2\/users\/1"}],"replies":[{"embeddable":true,"href":"https:\/\/archive.sana.sy\/es\/index.php?rest_route=%2Fwp%2Fv2%2Fcomments&post=31627"}],"version-history":[{"count":0,"href":"https:\/\/archive.sana.sy\/es\/index.php?rest_route=\/wp\/v2\/posts\/31627\/revisions"}],"wp:featuredmedia":[{"embeddable":true,"href":"https:\/\/archive.sana.sy\/es\/index.php?rest_route=\/wp\/v2\/media\/31628"}],"wp:attachment":[{"href":"https:\/\/archive.sana.sy\/es\/index.php?rest_route=%2Fwp%2Fv2%2Fmedia&parent=31627"}],"wp:term":[{"taxonomy":"category","embeddable":true,"href":"https:\/\/archive.sana.sy\/es\/index.php?rest_route=%2Fwp%2Fv2%2Fcategories&post=31627"},{"taxonomy":"post_tag","embeddable":true,"href":"https:\/\/archive.sana.sy\/es\/index.php?rest_route=%2Fwp%2Fv2%2Ftags&post=31627"}],"curies":[{"name":"wp","href":"https:\/\/api.w.org\/{rel}","templated":true}]}}