{"id":316295,"date":"2023-12-07T14:46:07","date_gmt":"2023-12-07T11:46:07","guid":{"rendered":"https:\/\/sana.sy\/es\/?p=316295"},"modified":"2023-12-07T14:46:07","modified_gmt":"2023-12-07T11:46:07","slug":"ejercito-sirio-repele-ataque-terrorista-y-derriba-siete-drones-kamikazes-fotos","status":"publish","type":"post","link":"https:\/\/archive.sana.sy\/es\/?p=316295","title":{"rendered":"Ej\u00e9rcito sirio repele ataque terrorista y derriba siete drones kamikazes (+ fotos)"},"content":{"rendered":"<p style=\"text-align: justify;\"><span style=\"color: #800000;\"><strong>Damasco, 7 dic (SANA)<\/strong><\/span> El Ministerio de Defensa de Siria anunci\u00f3 hoy que unidades militares rechazaron un ataque terrorista en el oeste de la provincia de Alepo, en el norte del pa\u00eds, y lograron derribar siete veh\u00edculos a\u00e9reos no tripulados, cargados de explosivos.<\/p>\n<p style=\"text-align: justify;\">\u201cLos uniformados que operan en el oeste de Alepo chocaron con grupos terroristas armados que atacaron varios puntos militares\u201d, inform\u00f3 el ente castrense.<\/p>\n<p style=\"text-align: justify;\">Agreg\u00f3 que decenas de terroristas suicidas fueron abatidos durante el fallido ataque y sus armas y equipos b\u00e9licos quedaron destruidos, mientras se logr\u00f3 apoderarse de los cuerpos de los extremistas neutralizados.<\/p>\n<p style=\"text-align: justify;\">El Ministerio agreg\u00f3 que las fuerzas armas que operan en el mismo frente derribaron siete drones que estaban destinados a atacar a posiciones militares.<\/p>\n<div id='gallery-1' class='gallery galleryid-316295 gallery-columns-1 gallery-size-full'><figure class='gallery-item'>\n\t\t\t<div class='gallery-icon landscape'>\n\t\t\t\t<a href='https:\/\/archive.sana.sy\/es\/wp-content\/uploads\/2023\/12\/photo_2023-12-07_14-17-10.jpg'><img loading=\"lazy\" decoding=\"async\" width=\"868\" height=\"802\" src=\"https:\/\/archive.sana.sy\/es\/wp-content\/uploads\/2023\/12\/photo_2023-12-07_14-17-10.jpg\" class=\"attachment-full size-full\" alt=\"\" srcset=\"https:\/\/archive.sana.sy\/es\/wp-content\/uploads\/2023\/12\/photo_2023-12-07_14-17-10.jpg 868w, https:\/\/archive.sana.sy\/es\/wp-content\/uploads\/2023\/12\/photo_2023-12-07_14-17-10-300x277.jpg 300w, https:\/\/archive.sana.sy\/es\/wp-content\/uploads\/2023\/12\/photo_2023-12-07_14-17-10-150x139.jpg 150w, https:\/\/archive.sana.sy\/es\/wp-content\/uploads\/2023\/12\/photo_2023-12-07_14-17-10-768x710.jpg 768w\" sizes=\"(max-width: 868px) 100vw, 868px\" \/><\/a>\n\t\t\t<\/div><\/figure><figure class='gallery-item'>\n\t\t\t<div class='gallery-icon portrait'>\n\t\t\t\t<a href='https:\/\/archive.sana.sy\/es\/wp-content\/uploads\/2023\/12\/photo_2023-12-07_14-17-10-2.jpg'><img loading=\"lazy\" decoding=\"async\" width=\"720\" height=\"935\" src=\"https:\/\/archive.sana.sy\/es\/wp-content\/uploads\/2023\/12\/photo_2023-12-07_14-17-10-2.jpg\" class=\"attachment-full size-full\" alt=\"\" srcset=\"https:\/\/archive.sana.sy\/es\/wp-content\/uploads\/2023\/12\/photo_2023-12-07_14-17-10-2.jpg 720w, https:\/\/archive.sana.sy\/es\/wp-content\/uploads\/2023\/12\/photo_2023-12-07_14-17-10-2-231x300.jpg 231w, https:\/\/archive.sana.sy\/es\/wp-content\/uploads\/2023\/12\/photo_2023-12-07_14-17-10-2-116x150.jpg 116w\" sizes=\"(max-width: 720px) 100vw, 720px\" \/><\/a>\n\t\t\t<\/div><\/figure><figure class='gallery-item'>\n\t\t\t<div class='gallery-icon portrait'>\n\t\t\t\t<a href='https:\/\/archive.sana.sy\/es\/wp-content\/uploads\/2023\/12\/photo_2023-12-07_14-17-09.jpg'><img loading=\"lazy\" decoding=\"async\" width=\"573\" height=\"883\" src=\"https:\/\/archive.sana.sy\/es\/wp-content\/uploads\/2023\/12\/photo_2023-12-07_14-17-09.jpg\" class=\"attachment-full size-full\" alt=\"\" srcset=\"https:\/\/archive.sana.sy\/es\/wp-content\/uploads\/2023\/12\/photo_2023-12-07_14-17-09.jpg 573w, https:\/\/archive.sana.sy\/es\/wp-content\/uploads\/2023\/12\/photo_2023-12-07_14-17-09-195x300.jpg 195w, https:\/\/archive.sana.sy\/es\/wp-content\/uploads\/2023\/12\/photo_2023-12-07_14-17-09-97x150.jpg 97w\" sizes=\"(max-width: 573px) 100vw, 573px\" \/><\/a>\n\t\t\t<\/div><\/figure>\n\t\t<\/div>\n\n<p style=\"text-align: justify;\">fm\/as<\/p>\n","protected":false},"excerpt":{"rendered":"<p>Damasco, 7 dic (SANA) El Ministerio de Defensa de Siria anunci\u00f3 hoy que unidades militares rechazaron un ataque terrorista en el oeste de la provincia de Alepo, en el norte del pa\u00eds, y lograron derribar siete veh\u00edculos a\u00e9reos no tripulados, cargados de explosivos. \u201cLos uniformados que operan en el oeste de Alepo chocaron con grupos &hellip;<\/p>\n","protected":false},"author":42,"featured_media":316296,"comment_status":"closed","ping_status":"closed","sticky":false,"template":"","format":"standard","meta":{"footnotes":""},"categories":[477,597,20724,476,583],"tags":[],"class_list":["post-316295","post","type-post","status-publish","format-standard","has-post-thumbnail","","category-noticias-edulcorantes","category-cinta-de-noticias","category-minuto-a-minuto","category-locales","category-slide"],"_links":{"self":[{"href":"https:\/\/archive.sana.sy\/es\/index.php?rest_route=\/wp\/v2\/posts\/316295"}],"collection":[{"href":"https:\/\/archive.sana.sy\/es\/index.php?rest_route=\/wp\/v2\/posts"}],"about":[{"href":"https:\/\/archive.sana.sy\/es\/index.php?rest_route=\/wp\/v2\/types\/post"}],"author":[{"embeddable":true,"href":"https:\/\/archive.sana.sy\/es\/index.php?rest_route=\/wp\/v2\/users\/42"}],"replies":[{"embeddable":true,"href":"https:\/\/archive.sana.sy\/es\/index.php?rest_route=%2Fwp%2Fv2%2Fcomments&post=316295"}],"version-history":[{"count":1,"href":"https:\/\/archive.sana.sy\/es\/index.php?rest_route=\/wp\/v2\/posts\/316295\/revisions"}],"predecessor-version":[{"id":316300,"href":"https:\/\/archive.sana.sy\/es\/index.php?rest_route=\/wp\/v2\/posts\/316295\/revisions\/316300"}],"wp:featuredmedia":[{"embeddable":true,"href":"https:\/\/archive.sana.sy\/es\/index.php?rest_route=\/wp\/v2\/media\/316296"}],"wp:attachment":[{"href":"https:\/\/archive.sana.sy\/es\/index.php?rest_route=%2Fwp%2Fv2%2Fmedia&parent=316295"}],"wp:term":[{"taxonomy":"category","embeddable":true,"href":"https:\/\/archive.sana.sy\/es\/index.php?rest_route=%2Fwp%2Fv2%2Fcategories&post=316295"},{"taxonomy":"post_tag","embeddable":true,"href":"https:\/\/archive.sana.sy\/es\/index.php?rest_route=%2Fwp%2Fv2%2Ftags&post=316295"}],"curies":[{"name":"wp","href":"https:\/\/api.w.org\/{rel}","templated":true}]}}