{"id":316394,"date":"2023-12-08T19:27:50","date_gmt":"2023-12-08T16:27:50","guid":{"rendered":"https:\/\/sana.sy\/es\/?p=316394"},"modified":"2023-12-08T20:32:37","modified_gmt":"2023-12-08T17:32:37","slug":"primer-ministro-sirio-llega-a-teheran-para-impulsar-cooperacion-economica","status":"publish","type":"post","link":"https:\/\/archive.sana.sy\/es\/?p=316394","title":{"rendered":"Primer Ministro sirio llega a Teher\u00e1n para impulsar cooperaci\u00f3n econ\u00f3mica"},"content":{"rendered":"<p style=\"text-align: justify;\"><span style=\"color: #800000;\"><strong>Teher\u00e1n, 8 dic (SANA)<\/strong><\/span>\u00a0 \u00a0El primer ministro sirio Hussein Arnous, lleg\u00f3 hoy a Teher\u00e1n, la capital iran\u00ed, donde presidir\u00e1 la parte siria en las reuniones de la Alta Comisi\u00f3n Mixta entre Siria e Ir\u00e1n.<\/p>\n<p style=\"text-align: justify;\">Arnous, quien encabeza una delegaci\u00f3n econ\u00f3mica de alto nivel, abordar\u00e1 con los altos funcionarios iran\u00edes las relaciones de cooperaci\u00f3n bilateral, cuestiones relacionadas con el acuerdo conjunto de cooperaci\u00f3n econ\u00f3mica y las formas para mejorar el intercambio comercial.<\/p>\n<p style=\"text-align: justify;\">El jefe del Ejecutivo fue recibido en el aeropuerto de Mehrabad por el ministro de Justicia iran\u00ed, Amin Hossein Rahimi, el ministro adjunto de Asuntos Exteriores iran\u00ed, Mehdi Shushtari, y el embajador de Siria en Teher\u00e1n, Dr. Shafiq Dayoub.<\/p>\n<p style=\"text-align: justify;\">fm\/rr<\/p>\n","protected":false},"excerpt":{"rendered":"<p>Teher\u00e1n, 8 dic (SANA)\u00a0 \u00a0El primer ministro sirio Hussein Arnous, lleg\u00f3 hoy a Teher\u00e1n, la capital iran\u00ed, donde presidir\u00e1 la parte siria en las reuniones de la Alta Comisi\u00f3n Mixta entre Siria e Ir\u00e1n. Arnous, quien encabeza una delegaci\u00f3n econ\u00f3mica de alto nivel, abordar\u00e1 con los altos funcionarios iran\u00edes las relaciones de cooperaci\u00f3n bilateral, cuestiones &hellip;<\/p>\n","protected":false},"author":31,"featured_media":316395,"comment_status":"closed","ping_status":"closed","sticky":false,"template":"","format":"standard","meta":{"footnotes":""},"categories":[597,467,583],"tags":[2866,6553],"class_list":["post-316394","post","type-post","status-publish","format-standard","has-post-thumbnail","","category-cinta-de-noticias","category-siria-y-el-mundo","category-slide","tag-iran","tag-siria"],"_links":{"self":[{"href":"https:\/\/archive.sana.sy\/es\/index.php?rest_route=\/wp\/v2\/posts\/316394"}],"collection":[{"href":"https:\/\/archive.sana.sy\/es\/index.php?rest_route=\/wp\/v2\/posts"}],"about":[{"href":"https:\/\/archive.sana.sy\/es\/index.php?rest_route=\/wp\/v2\/types\/post"}],"author":[{"embeddable":true,"href":"https:\/\/archive.sana.sy\/es\/index.php?rest_route=\/wp\/v2\/users\/31"}],"replies":[{"embeddable":true,"href":"https:\/\/archive.sana.sy\/es\/index.php?rest_route=%2Fwp%2Fv2%2Fcomments&post=316394"}],"version-history":[{"count":1,"href":"https:\/\/archive.sana.sy\/es\/index.php?rest_route=\/wp\/v2\/posts\/316394\/revisions"}],"predecessor-version":[{"id":316396,"href":"https:\/\/archive.sana.sy\/es\/index.php?rest_route=\/wp\/v2\/posts\/316394\/revisions\/316396"}],"wp:featuredmedia":[{"embeddable":true,"href":"https:\/\/archive.sana.sy\/es\/index.php?rest_route=\/wp\/v2\/media\/316395"}],"wp:attachment":[{"href":"https:\/\/archive.sana.sy\/es\/index.php?rest_route=%2Fwp%2Fv2%2Fmedia&parent=316394"}],"wp:term":[{"taxonomy":"category","embeddable":true,"href":"https:\/\/archive.sana.sy\/es\/index.php?rest_route=%2Fwp%2Fv2%2Fcategories&post=316394"},{"taxonomy":"post_tag","embeddable":true,"href":"https:\/\/archive.sana.sy\/es\/index.php?rest_route=%2Fwp%2Fv2%2Ftags&post=316394"}],"curies":[{"name":"wp","href":"https:\/\/api.w.org\/{rel}","templated":true}]}}