{"id":316397,"date":"2023-12-08T17:39:13","date_gmt":"2023-12-08T14:39:13","guid":{"rendered":"https:\/\/sana.sy\/es\/?p=316397"},"modified":"2023-12-08T17:39:13","modified_gmt":"2023-12-08T14:39:13","slug":"bombardeo-con-artilleria-israeli-hiere-a-un-civil-en-el-sur-del-libano","status":"publish","type":"post","link":"https:\/\/archive.sana.sy\/es\/?p=316397","title":{"rendered":"Bombardeo con artiller\u00eda israel\u00ed hiere a un civil en el sur del L\u00edbano"},"content":{"rendered":"<p style=\"text-align: justify;\"><span style=\"color: #800000;\"><strong>Beirut, 08 dic (SANA)\u00a0<\/strong><\/span> El ocupante israel\u00ed renov\u00f3 sus ataques y violaciones a la soberan\u00eda libanesa, al bombardear la entrada de la localidad de Rashaya Al-Fakhar, en la provincia de Nabatieh.<\/p>\n<p style=\"text-align: justify;\">La Agencia Nacional de Noticias Libanesa inform\u00f3 que un proyectil fue disparado contra la mencionada ciudad, causando heridas a una persona.<\/p>\n<p style=\"text-align: justify;\">Asimismo, los bombardeos de la artiller\u00eda israel\u00ed tuvieron como blanco las afueras de las ciudades de Houla y Markab, mientras un avi\u00f3n de reconocimiento MK israel\u00ed sobrevol\u00f3 la ciudad de Baalbek.<\/p>\n<p style=\"text-align: justify;\">rr\/fm<\/p>\n","protected":false},"excerpt":{"rendered":"<p>Beirut, 08 dic (SANA)\u00a0 El ocupante israel\u00ed renov\u00f3 sus ataques y violaciones a la soberan\u00eda libanesa, al bombardear la entrada de la localidad de Rashaya Al-Fakhar, en la provincia de Nabatieh. La Agencia Nacional de Noticias Libanesa inform\u00f3 que un proyectil fue disparado contra la mencionada ciudad, causando heridas a una persona. Asimismo, los bombardeos &hellip;<\/p>\n","protected":false},"author":31,"featured_media":316398,"comment_status":"closed","ping_status":"closed","sticky":false,"template":"","format":"standard","meta":{"footnotes":""},"categories":[597,456,16687],"tags":[11331,8602,8542],"class_list":["post-316397","post","type-post","status-publish","format-standard","has-post-thumbnail","","category-cinta-de-noticias","category-arabe-internacional-politica","category-internacionales","tag-agresion","tag-ataque","tag-libano"],"_links":{"self":[{"href":"https:\/\/archive.sana.sy\/es\/index.php?rest_route=\/wp\/v2\/posts\/316397"}],"collection":[{"href":"https:\/\/archive.sana.sy\/es\/index.php?rest_route=\/wp\/v2\/posts"}],"about":[{"href":"https:\/\/archive.sana.sy\/es\/index.php?rest_route=\/wp\/v2\/types\/post"}],"author":[{"embeddable":true,"href":"https:\/\/archive.sana.sy\/es\/index.php?rest_route=\/wp\/v2\/users\/31"}],"replies":[{"embeddable":true,"href":"https:\/\/archive.sana.sy\/es\/index.php?rest_route=%2Fwp%2Fv2%2Fcomments&post=316397"}],"version-history":[{"count":1,"href":"https:\/\/archive.sana.sy\/es\/index.php?rest_route=\/wp\/v2\/posts\/316397\/revisions"}],"predecessor-version":[{"id":316399,"href":"https:\/\/archive.sana.sy\/es\/index.php?rest_route=\/wp\/v2\/posts\/316397\/revisions\/316399"}],"wp:featuredmedia":[{"embeddable":true,"href":"https:\/\/archive.sana.sy\/es\/index.php?rest_route=\/wp\/v2\/media\/316398"}],"wp:attachment":[{"href":"https:\/\/archive.sana.sy\/es\/index.php?rest_route=%2Fwp%2Fv2%2Fmedia&parent=316397"}],"wp:term":[{"taxonomy":"category","embeddable":true,"href":"https:\/\/archive.sana.sy\/es\/index.php?rest_route=%2Fwp%2Fv2%2Fcategories&post=316397"},{"taxonomy":"post_tag","embeddable":true,"href":"https:\/\/archive.sana.sy\/es\/index.php?rest_route=%2Fwp%2Fv2%2Ftags&post=316397"}],"curies":[{"name":"wp","href":"https:\/\/api.w.org\/{rel}","templated":true}]}}