{"id":316476,"date":"2023-12-09T17:26:03","date_gmt":"2023-12-09T14:26:03","guid":{"rendered":"https:\/\/sana.sy\/es\/?p=316476"},"modified":"2023-12-09T17:26:03","modified_gmt":"2023-12-09T14:26:03","slug":"palestina-critica-doble-rasero-de-eeuu-en-la-onu","status":"publish","type":"post","link":"https:\/\/archive.sana.sy\/es\/?p=316476","title":{"rendered":"Palestina critica doble rasero de EEUU en la ONU"},"content":{"rendered":"<p style=\"text-align: justify;\"><span style=\"color: #800000;\"><strong>Jerusal\u00e9n ocupada, 9 dic (SANA)<\/strong> <\/span>El Ministerio de Asuntos Exteriores de Palestina critic\u00f3 el fracaso del Consejo de Seguridad de la ONU para adoptar una resoluci\u00f3n de alto el fuego humanitario en la Franja de Gaza debido al veto de Estados Unidos.<\/p>\n<p>En un comunicado, la canciller\u00eda rechaz\u00f3 el doble rasero internacional que discrimina entre los civiles de diversas latitudes.<\/p>\n<p style=\"text-align: justify;\">La votaci\u00f3n en ese \u00f3rgano demuestra la selectividad en las aplicaciones del derecho internacional seg\u00fan la identidad del verdugo y de la v\u00edctima, afirm\u00f3 la Canciller\u00eda.<\/p>\n<p style=\"text-align: justify;\">Asimismo, cuestion\u00f3 la falta de protecci\u00f3n a los civiles palestinos y afirm\u00f3 que la incapacidad del Consejo de Seguridad de detener la guerra permite \u201ca Israel m\u00e1s tiempo para continuar su agresi\u00f3n contra nuestro pueblo sin tener en cuenta el derecho internacional\u201d.<\/p>\n<p style=\"text-align: justify;\">fm\/ed<\/p>\n","protected":false},"excerpt":{"rendered":"<p>Jerusal\u00e9n ocupada, 9 dic (SANA) El Ministerio de Asuntos Exteriores de Palestina critic\u00f3 el fracaso del Consejo de Seguridad de la ONU para adoptar una resoluci\u00f3n de alto el fuego humanitario en la Franja de Gaza debido al veto de Estados Unidos. En un comunicado, la canciller\u00eda rechaz\u00f3 el doble rasero internacional que discrimina entre &hellip;<\/p>\n","protected":false},"author":32,"featured_media":316477,"comment_status":"closed","ping_status":"closed","sticky":false,"template":"","format":"standard","meta":{"footnotes":""},"categories":[597,456,20724,7541],"tags":[],"class_list":["post-316476","post","type-post","status-publish","format-standard","has-post-thumbnail","","category-cinta-de-noticias","category-arabe-internacional-politica","category-minuto-a-minuto","category-ultimas-noticias"],"_links":{"self":[{"href":"https:\/\/archive.sana.sy\/es\/index.php?rest_route=\/wp\/v2\/posts\/316476"}],"collection":[{"href":"https:\/\/archive.sana.sy\/es\/index.php?rest_route=\/wp\/v2\/posts"}],"about":[{"href":"https:\/\/archive.sana.sy\/es\/index.php?rest_route=\/wp\/v2\/types\/post"}],"author":[{"embeddable":true,"href":"https:\/\/archive.sana.sy\/es\/index.php?rest_route=\/wp\/v2\/users\/32"}],"replies":[{"embeddable":true,"href":"https:\/\/archive.sana.sy\/es\/index.php?rest_route=%2Fwp%2Fv2%2Fcomments&post=316476"}],"version-history":[{"count":1,"href":"https:\/\/archive.sana.sy\/es\/index.php?rest_route=\/wp\/v2\/posts\/316476\/revisions"}],"predecessor-version":[{"id":316478,"href":"https:\/\/archive.sana.sy\/es\/index.php?rest_route=\/wp\/v2\/posts\/316476\/revisions\/316478"}],"wp:featuredmedia":[{"embeddable":true,"href":"https:\/\/archive.sana.sy\/es\/index.php?rest_route=\/wp\/v2\/media\/316477"}],"wp:attachment":[{"href":"https:\/\/archive.sana.sy\/es\/index.php?rest_route=%2Fwp%2Fv2%2Fmedia&parent=316476"}],"wp:term":[{"taxonomy":"category","embeddable":true,"href":"https:\/\/archive.sana.sy\/es\/index.php?rest_route=%2Fwp%2Fv2%2Fcategories&post=316476"},{"taxonomy":"post_tag","embeddable":true,"href":"https:\/\/archive.sana.sy\/es\/index.php?rest_route=%2Fwp%2Fv2%2Ftags&post=316476"}],"curies":[{"name":"wp","href":"https:\/\/api.w.org\/{rel}","templated":true}]}}