{"id":316485,"date":"2023-12-09T19:55:55","date_gmt":"2023-12-09T16:55:55","guid":{"rendered":"https:\/\/sana.sy\/es\/?p=316485"},"modified":"2023-12-09T19:55:55","modified_gmt":"2023-12-09T16:55:55","slug":"arnous-siria-e-iran-estan-determinados-a-implementar-los-acuerdos-firmados","status":"publish","type":"post","link":"https:\/\/archive.sana.sy\/es\/?p=316485","title":{"rendered":"Arnous: Siria e Ir\u00e1n est\u00e1n determinados a implementar los acuerdos firmados"},"content":{"rendered":"<p style=\"text-align: justify;\"><span style=\"color: #800000;\"><strong>Teher\u00e1n, 9 dic (SANA)<\/strong><\/span>\u00a0 \u00a0Las reuniones de la Alta Comisi\u00f3n Conjunta Siria-Ir\u00e1n se celebraron hoy en la capital, Teher\u00e1n, encabezadas por el primer vicepresidente iran\u00ed, Mohammed Muhber, y el primer ministro sirio Hossein Arnous.<\/p>\n<p style=\"text-align: justify;\">Las dos partes enfatizaron la determinaci\u00f3n com\u00fan y seria de implementar los temas acordados para lograr resultados que sirvan a los dos pa\u00edses.<\/p>\n<p style=\"text-align: justify;\">Tambi\u00e9n se abordaron varios aspectos de la cooperaci\u00f3n bilateral como la energ\u00eda, banca y proyectos de inversi\u00f3n, con el objetivo de satisfacer las necesidades de los dos lados.<\/p>\n<p style=\"text-align: justify;\">Durante la reuni\u00f3n, Arnous expres\u00f3 su gratitud a la parte iran\u00ed por sus grandes esfuerzos realizados recientemente para preparar las reuniones del comit\u00e9.<\/p>\n<p style=\"text-align: justify;\">Expres\u00f3 su esperanza de que estas reuniones logren los resultados deseados para el bien y los intereses de los dos pa\u00edses amigos.<\/p>\n<p style=\"text-align: justify;\">&#8220;Las reuniones y acuerdos celebrados en Damasco entre el presidente Bashar Assad y el presidente Ibrahim Reisi en mayo pasado constituyeron un paso importante y significativo para el desarrollo de las relaciones bilaterales entre los dos pa\u00edses, especialmente en los t\u00e9rminos econ\u00f3micos&#8221;, indic\u00f3 Arnous.<\/p>\n<p style=\"text-align: justify;\">El Primer Ministro enfatiz\u00f3 que todos los documentos a firmar deben ponerse en pr\u00e1ctica lo antes posible junto con otros documentos firmados previamente.<\/p>\n<p style=\"text-align: justify;\">rr\/fm<\/p>\n","protected":false},"excerpt":{"rendered":"<p>Teher\u00e1n, 9 dic (SANA)\u00a0 \u00a0Las reuniones de la Alta Comisi\u00f3n Conjunta Siria-Ir\u00e1n se celebraron hoy en la capital, Teher\u00e1n, encabezadas por el primer vicepresidente iran\u00ed, Mohammed Muhber, y el primer ministro sirio Hossein Arnous. Las dos partes enfatizaron la determinaci\u00f3n com\u00fan y seria de implementar los temas acordados para lograr resultados que sirvan a los &hellip;<\/p>\n","protected":false},"author":31,"featured_media":316486,"comment_status":"closed","ping_status":"closed","sticky":false,"template":"","format":"standard","meta":{"footnotes":""},"categories":[597,467,583],"tags":[2866,6553],"class_list":["post-316485","post","type-post","status-publish","format-standard","has-post-thumbnail","","category-cinta-de-noticias","category-siria-y-el-mundo","category-slide","tag-iran","tag-siria"],"_links":{"self":[{"href":"https:\/\/archive.sana.sy\/es\/index.php?rest_route=\/wp\/v2\/posts\/316485"}],"collection":[{"href":"https:\/\/archive.sana.sy\/es\/index.php?rest_route=\/wp\/v2\/posts"}],"about":[{"href":"https:\/\/archive.sana.sy\/es\/index.php?rest_route=\/wp\/v2\/types\/post"}],"author":[{"embeddable":true,"href":"https:\/\/archive.sana.sy\/es\/index.php?rest_route=\/wp\/v2\/users\/31"}],"replies":[{"embeddable":true,"href":"https:\/\/archive.sana.sy\/es\/index.php?rest_route=%2Fwp%2Fv2%2Fcomments&post=316485"}],"version-history":[{"count":1,"href":"https:\/\/archive.sana.sy\/es\/index.php?rest_route=\/wp\/v2\/posts\/316485\/revisions"}],"predecessor-version":[{"id":316487,"href":"https:\/\/archive.sana.sy\/es\/index.php?rest_route=\/wp\/v2\/posts\/316485\/revisions\/316487"}],"wp:featuredmedia":[{"embeddable":true,"href":"https:\/\/archive.sana.sy\/es\/index.php?rest_route=\/wp\/v2\/media\/316486"}],"wp:attachment":[{"href":"https:\/\/archive.sana.sy\/es\/index.php?rest_route=%2Fwp%2Fv2%2Fmedia&parent=316485"}],"wp:term":[{"taxonomy":"category","embeddable":true,"href":"https:\/\/archive.sana.sy\/es\/index.php?rest_route=%2Fwp%2Fv2%2Fcategories&post=316485"},{"taxonomy":"post_tag","embeddable":true,"href":"https:\/\/archive.sana.sy\/es\/index.php?rest_route=%2Fwp%2Fv2%2Ftags&post=316485"}],"curies":[{"name":"wp","href":"https:\/\/api.w.org\/{rel}","templated":true}]}}