{"id":316501,"date":"2023-12-10T10:40:40","date_gmt":"2023-12-10T07:40:40","guid":{"rendered":"https:\/\/sana.sy\/es\/?p=316501"},"modified":"2023-12-10T10:40:40","modified_gmt":"2023-12-10T07:40:40","slug":"siria-e-iran-abordan-relaciones-bilaterales-y-recientes-desarrollos-regionales-e-internacionales","status":"publish","type":"post","link":"https:\/\/archive.sana.sy\/es\/?p=316501","title":{"rendered":"Siria e Ir\u00e1n abordan relaciones bilaterales y recientes desarrollos regionales e internacionales"},"content":{"rendered":"<p style=\"text-align: justify;\"><strong><span style=\"color: #800000;\">Teher\u00e1n, 10 dic (SANA)\u00a0<\/span> <\/strong>El primer ministro sirio Hossein Arnous abord\u00f3 hoy en Teher\u00e1n con el secretario del Consejo Supremo de Seguridad Nacional de Ir\u00e1n, Ali Akbar Ahmadian, las relaciones bilaterales y los recientes desarrollos regionales e internacionales.<\/p>\n<p style=\"text-align: justify;\">Los gobiernos de Damasco y Teher\u00e1n est\u00e1n trabajando con todas sus fuerzas para lograr avances significantes que sirvan a los intereses de ambas naciones y ambos pueblos amigos, de cara a las presiones y sanciones injustas impuestas, dijo Arnous durante el encuentro.<\/p>\n<p style=\"text-align: justify;\">Agreg\u00f3 que los esfuerzos conjuntos frustrar\u00e1n las presiones y fortalecer\u00e1n la firmeza de los dos pa\u00edses, lo que repercutir\u00e1 en resultados positivos en ambas partes y en toda la regi\u00f3n.<\/p>\n<p style=\"text-align: justify;\">Por su parte, Ahmadian resalt\u00f3 la profundidad de los nexos bilaterales entre los dos pa\u00edses y expres\u00f3 su confianza en que Siria volver\u00e1 m\u00e1s fuerte de lo que era.<\/p>\n<p style=\"text-align: justify;\">Siria tiene un papel importante y fundamental en la regi\u00f3n, coment\u00f3.<\/p>\n<p style=\"text-align: justify;\"><strong>ws\/fm<\/strong><\/p>\n","protected":false},"excerpt":{"rendered":"<p>Teher\u00e1n, 10 dic (SANA)\u00a0 El primer ministro sirio Hossein Arnous abord\u00f3 hoy en Teher\u00e1n con el secretario del Consejo Supremo de Seguridad Nacional de Ir\u00e1n, Ali Akbar Ahmadian, las relaciones bilaterales y los recientes desarrollos regionales e internacionales. Los gobiernos de Damasco y Teher\u00e1n est\u00e1n trabajando con todas sus fuerzas para lograr avances significantes que &hellip;<\/p>\n","protected":false},"author":35,"featured_media":316502,"comment_status":"closed","ping_status":"closed","sticky":false,"template":"","format":"standard","meta":{"footnotes":""},"categories":[597,20724,467,7541],"tags":[],"class_list":["post-316501","post","type-post","status-publish","format-standard","has-post-thumbnail","","category-cinta-de-noticias","category-minuto-a-minuto","category-siria-y-el-mundo","category-ultimas-noticias"],"_links":{"self":[{"href":"https:\/\/archive.sana.sy\/es\/index.php?rest_route=\/wp\/v2\/posts\/316501"}],"collection":[{"href":"https:\/\/archive.sana.sy\/es\/index.php?rest_route=\/wp\/v2\/posts"}],"about":[{"href":"https:\/\/archive.sana.sy\/es\/index.php?rest_route=\/wp\/v2\/types\/post"}],"author":[{"embeddable":true,"href":"https:\/\/archive.sana.sy\/es\/index.php?rest_route=\/wp\/v2\/users\/35"}],"replies":[{"embeddable":true,"href":"https:\/\/archive.sana.sy\/es\/index.php?rest_route=%2Fwp%2Fv2%2Fcomments&post=316501"}],"version-history":[{"count":1,"href":"https:\/\/archive.sana.sy\/es\/index.php?rest_route=\/wp\/v2\/posts\/316501\/revisions"}],"predecessor-version":[{"id":316503,"href":"https:\/\/archive.sana.sy\/es\/index.php?rest_route=\/wp\/v2\/posts\/316501\/revisions\/316503"}],"wp:featuredmedia":[{"embeddable":true,"href":"https:\/\/archive.sana.sy\/es\/index.php?rest_route=\/wp\/v2\/media\/316502"}],"wp:attachment":[{"href":"https:\/\/archive.sana.sy\/es\/index.php?rest_route=%2Fwp%2Fv2%2Fmedia&parent=316501"}],"wp:term":[{"taxonomy":"category","embeddable":true,"href":"https:\/\/archive.sana.sy\/es\/index.php?rest_route=%2Fwp%2Fv2%2Fcategories&post=316501"},{"taxonomy":"post_tag","embeddable":true,"href":"https:\/\/archive.sana.sy\/es\/index.php?rest_route=%2Fwp%2Fv2%2Ftags&post=316501"}],"curies":[{"name":"wp","href":"https:\/\/api.w.org\/{rel}","templated":true}]}}