{"id":316505,"date":"2023-12-10T13:27:49","date_gmt":"2023-12-10T10:27:49","guid":{"rendered":"https:\/\/sana.sy\/es\/?p=316505"},"modified":"2023-12-10T13:28:00","modified_gmt":"2023-12-10T10:28:00","slug":"%e2%9a%a1%ef%b8%8fataque-con-drones-kamikazes-contra-un-cuartel-general-de-mando-del-ejercito-de-ocupacion-israeli-en-el-norte-de-palestina-la-resistencia-libanesa-aseguro-que-el-ataque-provoco-numer","status":"publish","type":"post","link":"https:\/\/archive.sana.sy\/es\/?p=316505","title":{"rendered":"Ataque con drones kamikazes contra un cuartel general de mando del ej\u00e9rcito de ocupaci\u00f3n israel\u00ed en el norte de Palestina. La resistencia libanesa asegur\u00f3 que el ataque provoc\u00f3 numerosas bajas entre las fuerzas sionistas"},"content":{"rendered":"","protected":false},"excerpt":{"rendered":"","protected":false},"author":34,"featured_media":0,"comment_status":"closed","ping_status":"closed","sticky":false,"template":"","format":"standard","meta":{"footnotes":""},"categories":[596],"tags":[],"class_list":["post-316505","post","type-post","status-publish","format-standard","","category-urgente"],"_links":{"self":[{"href":"https:\/\/archive.sana.sy\/es\/index.php?rest_route=\/wp\/v2\/posts\/316505"}],"collection":[{"href":"https:\/\/archive.sana.sy\/es\/index.php?rest_route=\/wp\/v2\/posts"}],"about":[{"href":"https:\/\/archive.sana.sy\/es\/index.php?rest_route=\/wp\/v2\/types\/post"}],"author":[{"embeddable":true,"href":"https:\/\/archive.sana.sy\/es\/index.php?rest_route=\/wp\/v2\/users\/34"}],"replies":[{"embeddable":true,"href":"https:\/\/archive.sana.sy\/es\/index.php?rest_route=%2Fwp%2Fv2%2Fcomments&post=316505"}],"version-history":[{"count":2,"href":"https:\/\/archive.sana.sy\/es\/index.php?rest_route=\/wp\/v2\/posts\/316505\/revisions"}],"predecessor-version":[{"id":316507,"href":"https:\/\/archive.sana.sy\/es\/index.php?rest_route=\/wp\/v2\/posts\/316505\/revisions\/316507"}],"wp:attachment":[{"href":"https:\/\/archive.sana.sy\/es\/index.php?rest_route=%2Fwp%2Fv2%2Fmedia&parent=316505"}],"wp:term":[{"taxonomy":"category","embeddable":true,"href":"https:\/\/archive.sana.sy\/es\/index.php?rest_route=%2Fwp%2Fv2%2Fcategories&post=316505"},{"taxonomy":"post_tag","embeddable":true,"href":"https:\/\/archive.sana.sy\/es\/index.php?rest_route=%2Fwp%2Fv2%2Ftags&post=316505"}],"curies":[{"name":"wp","href":"https:\/\/api.w.org\/{rel}","templated":true}]}}