{"id":316513,"date":"2023-12-10T14:17:23","date_gmt":"2023-12-10T11:17:23","guid":{"rendered":"https:\/\/sana.sy\/es\/?p=316513"},"modified":"2023-12-10T14:17:23","modified_gmt":"2023-12-10T11:17:23","slug":"tres-palestinos-resultan-heridos-por-disparos-de-los-militares-israelies-en-naplusa","status":"publish","type":"post","link":"https:\/\/archive.sana.sy\/es\/?p=316513","title":{"rendered":"Tres palestinos resultan heridos por disparos de los militares israel\u00edes en Naplusa"},"content":{"rendered":"<p style=\"text-align: justify;\"><span style=\"color: #800000;\"><strong>Jerusal\u00e9n ocupada, 10 dic (SANA)\u00a0<\/strong><\/span> Tres palestinos fuero lesionados al amanecer de este domingo, por las fuerzas de ocupaci\u00f3n israel\u00edes en la ciudad de Naplusa, en Cisjordania.<\/p>\n<p style=\"text-align: justify;\">La agencia palestina Wafa inform\u00f3 que los militares sionistas irrumpieron en el campamento de Askar y en la ciudad norte\u00f1a de Asira, donde atacaron a los palestinos hiriendo a tres de ellos.<\/p>\n<p style=\"text-align: justify;\">La v\u00edspera, tres palestinos fueron asesinados por las fuerzas de ocupaci\u00f3n israel\u00edes en diversas zonas de Cisjordania.<\/p>\n<p style=\"text-align: justify;\">fm\/ed<\/p>\n","protected":false},"excerpt":{"rendered":"<p>Jerusal\u00e9n ocupada, 10 dic (SANA)\u00a0 Tres palestinos fuero lesionados al amanecer de este domingo, por las fuerzas de ocupaci\u00f3n israel\u00edes en la ciudad de Naplusa, en Cisjordania. La agencia palestina Wafa inform\u00f3 que los militares sionistas irrumpieron en el campamento de Askar y en la ciudad norte\u00f1a de Asira, donde atacaron a los palestinos hiriendo &hellip;<\/p>\n","protected":false},"author":32,"featured_media":316514,"comment_status":"closed","ping_status":"closed","sticky":false,"template":"","format":"standard","meta":{"footnotes":""},"categories":[597,456,20724,7541],"tags":[],"class_list":["post-316513","post","type-post","status-publish","format-standard","has-post-thumbnail","","category-cinta-de-noticias","category-arabe-internacional-politica","category-minuto-a-minuto","category-ultimas-noticias"],"_links":{"self":[{"href":"https:\/\/archive.sana.sy\/es\/index.php?rest_route=\/wp\/v2\/posts\/316513"}],"collection":[{"href":"https:\/\/archive.sana.sy\/es\/index.php?rest_route=\/wp\/v2\/posts"}],"about":[{"href":"https:\/\/archive.sana.sy\/es\/index.php?rest_route=\/wp\/v2\/types\/post"}],"author":[{"embeddable":true,"href":"https:\/\/archive.sana.sy\/es\/index.php?rest_route=\/wp\/v2\/users\/32"}],"replies":[{"embeddable":true,"href":"https:\/\/archive.sana.sy\/es\/index.php?rest_route=%2Fwp%2Fv2%2Fcomments&post=316513"}],"version-history":[{"count":1,"href":"https:\/\/archive.sana.sy\/es\/index.php?rest_route=\/wp\/v2\/posts\/316513\/revisions"}],"predecessor-version":[{"id":316515,"href":"https:\/\/archive.sana.sy\/es\/index.php?rest_route=\/wp\/v2\/posts\/316513\/revisions\/316515"}],"wp:featuredmedia":[{"embeddable":true,"href":"https:\/\/archive.sana.sy\/es\/index.php?rest_route=\/wp\/v2\/media\/316514"}],"wp:attachment":[{"href":"https:\/\/archive.sana.sy\/es\/index.php?rest_route=%2Fwp%2Fv2%2Fmedia&parent=316513"}],"wp:term":[{"taxonomy":"category","embeddable":true,"href":"https:\/\/archive.sana.sy\/es\/index.php?rest_route=%2Fwp%2Fv2%2Fcategories&post=316513"},{"taxonomy":"post_tag","embeddable":true,"href":"https:\/\/archive.sana.sy\/es\/index.php?rest_route=%2Fwp%2Fv2%2Ftags&post=316513"}],"curies":[{"name":"wp","href":"https:\/\/api.w.org\/{rel}","templated":true}]}}