{"id":316549,"date":"2023-12-11T05:56:32","date_gmt":"2023-12-11T02:56:32","guid":{"rendered":"https:\/\/sana.sy\/es\/?p=316549"},"modified":"2023-12-11T05:57:02","modified_gmt":"2023-12-11T02:57:02","slug":"nueva-agresion-israeli-con-misiles-contra-puntos-en-las-inmediaciones-de-la-capital-siria","status":"publish","type":"post","link":"https:\/\/archive.sana.sy\/es\/?p=316549","title":{"rendered":"Nueva agresi\u00f3n israel\u00ed con misiles contra puntos en las inmediaciones de la capital siria"},"content":{"rendered":"<p style=\"text-align: justify;\"><span style=\"color: #800000;\"><strong>Damasco, 11 dic (SANA)<\/strong><\/span> Las bater\u00edas antia\u00e9reas del ej\u00e9rcito sirio se activaron hoy para repeler un ataque a\u00e9reo perpetrado por \u201cIsrael\u201d contra varios puntos en las inmediaciones de Damasco, la capital.<\/p>\n<p style=\"text-align: justify;\">Seg\u00fan inform\u00f3 una fuente militar, alrededor de las 23:05 hora local de del domingo, 10 de diciembre, la aviaci\u00f3n b\u00e9lica del enemigo israel\u00ed llev\u00f3 a cabo un ataque a\u00e9reo desde la direcci\u00f3n del Gol\u00e1n sirio ocupado contra m\u00faltiples puntos en los alrededores de Damasco.<\/p>\n<p style=\"text-align: justify;\">La fuente detall\u00f3 que las defensas antia\u00e9reas lograron derribar algunos proyectiles, y los da\u00f1os se limitaron a materiales.<\/p>\n<p style=\"text-align: justify;\">Una similar agresi\u00f3n fue llevada a cabo el pasado d\u00eda 2 de diciembre contra el sur de Damasco, mientras el d\u00eda 26 de noviembre, misiles israel\u00edes dejaron inoperativo al Aeropuerto Internacional de Damasco.<\/p>\n<p style=\"text-align: justify;\">fm<\/p>\n","protected":false},"excerpt":{"rendered":"<p>Damasco, 11 dic (SANA) Las bater\u00edas antia\u00e9reas del ej\u00e9rcito sirio se activaron hoy para repeler un ataque a\u00e9reo perpetrado por \u201cIsrael\u201d contra varios puntos en las inmediaciones de Damasco, la capital. Seg\u00fan inform\u00f3 una fuente militar, alrededor de las 23:05 hora local de del domingo, 10 de diciembre, la aviaci\u00f3n b\u00e9lica del enemigo israel\u00ed llev\u00f3 &hellip;<\/p>\n","protected":false},"author":34,"featured_media":316550,"comment_status":"closed","ping_status":"closed","sticky":false,"template":"","format":"standard","meta":{"footnotes":""},"categories":[477,447,597,573,20724,476,583],"tags":[],"class_list":["post-316549","post","type-post","status-publish","format-standard","has-post-thumbnail","","category-noticias-edulcorantes","category-local-politica","category-cinta-de-noticias","category-la-realidad-de-los-acontecimientos-en-siria","category-minuto-a-minuto","category-locales","category-slide"],"_links":{"self":[{"href":"https:\/\/archive.sana.sy\/es\/index.php?rest_route=\/wp\/v2\/posts\/316549"}],"collection":[{"href":"https:\/\/archive.sana.sy\/es\/index.php?rest_route=\/wp\/v2\/posts"}],"about":[{"href":"https:\/\/archive.sana.sy\/es\/index.php?rest_route=\/wp\/v2\/types\/post"}],"author":[{"embeddable":true,"href":"https:\/\/archive.sana.sy\/es\/index.php?rest_route=\/wp\/v2\/users\/34"}],"replies":[{"embeddable":true,"href":"https:\/\/archive.sana.sy\/es\/index.php?rest_route=%2Fwp%2Fv2%2Fcomments&post=316549"}],"version-history":[{"count":1,"href":"https:\/\/archive.sana.sy\/es\/index.php?rest_route=\/wp\/v2\/posts\/316549\/revisions"}],"predecessor-version":[{"id":316551,"href":"https:\/\/archive.sana.sy\/es\/index.php?rest_route=\/wp\/v2\/posts\/316549\/revisions\/316551"}],"wp:featuredmedia":[{"embeddable":true,"href":"https:\/\/archive.sana.sy\/es\/index.php?rest_route=\/wp\/v2\/media\/316550"}],"wp:attachment":[{"href":"https:\/\/archive.sana.sy\/es\/index.php?rest_route=%2Fwp%2Fv2%2Fmedia&parent=316549"}],"wp:term":[{"taxonomy":"category","embeddable":true,"href":"https:\/\/archive.sana.sy\/es\/index.php?rest_route=%2Fwp%2Fv2%2Fcategories&post=316549"},{"taxonomy":"post_tag","embeddable":true,"href":"https:\/\/archive.sana.sy\/es\/index.php?rest_route=%2Fwp%2Fv2%2Ftags&post=316549"}],"curies":[{"name":"wp","href":"https:\/\/api.w.org\/{rel}","templated":true}]}}