{"id":316558,"date":"2023-12-11T12:09:01","date_gmt":"2023-12-11T09:09:01","guid":{"rendered":"http:\/\/sana.sy\/es\/?p=316558"},"modified":"2023-12-11T12:09:40","modified_gmt":"2023-12-11T09:09:40","slug":"caza-f-16-de-eeuu-se-estrella-en-el-mar-amarillo","status":"publish","type":"post","link":"https:\/\/archive.sana.sy\/es\/?p=316558","title":{"rendered":"Caza F-16 de EEUU se estrella en el mar Amarillo"},"content":{"rendered":"<p style=\"text-align: justify;\"><span style=\"color: #800000;\"><strong>Seul, 11 dic (SANA)<\/strong><\/span> Un caza F-16 estadounidense se estrell\u00f3 este lunes en el mar Amarillo durante un vuelo de entrenamiento, inform\u00f3 la agencia de noticias surcoreana Yonhap.<\/p>\n<p style=\"text-align: justify;\">El avi\u00f3n colaps\u00f3 tras despegar de una base a\u00e9rea en la ciudad surcoreana de Gunsan, a 178 kil\u00f3metros al sur de Se\u00fal, la capital de Corea del Sur.<\/p>\n<p style=\"text-align: justify;\">El piloto logr\u00f3 eyectarse del avi\u00f3n, pero las fuentes no detallaron si ha sido rescatado o no.<\/p>\n<p style=\"text-align: justify;\"><strong>ws\/fm<\/strong><\/p>\n","protected":false},"excerpt":{"rendered":"<p>Seul, 11 dic (SANA) Un caza F-16 estadounidense se estrell\u00f3 este lunes en el mar Amarillo durante un vuelo de entrenamiento, inform\u00f3 la agencia de noticias surcoreana Yonhap. El avi\u00f3n colaps\u00f3 tras despegar de una base a\u00e9rea en la ciudad surcoreana de Gunsan, a 178 kil\u00f3metros al sur de Se\u00fal, la capital de Corea del &hellip;<\/p>\n","protected":false},"author":35,"featured_media":316559,"comment_status":"closed","ping_status":"closed","sticky":false,"template":"","format":"standard","meta":{"footnotes":""},"categories":[597,456,16687,20724,7541],"tags":[],"class_list":["post-316558","post","type-post","status-publish","format-standard","has-post-thumbnail","","category-cinta-de-noticias","category-arabe-internacional-politica","category-internacionales","category-minuto-a-minuto","category-ultimas-noticias"],"_links":{"self":[{"href":"https:\/\/archive.sana.sy\/es\/index.php?rest_route=\/wp\/v2\/posts\/316558"}],"collection":[{"href":"https:\/\/archive.sana.sy\/es\/index.php?rest_route=\/wp\/v2\/posts"}],"about":[{"href":"https:\/\/archive.sana.sy\/es\/index.php?rest_route=\/wp\/v2\/types\/post"}],"author":[{"embeddable":true,"href":"https:\/\/archive.sana.sy\/es\/index.php?rest_route=\/wp\/v2\/users\/35"}],"replies":[{"embeddable":true,"href":"https:\/\/archive.sana.sy\/es\/index.php?rest_route=%2Fwp%2Fv2%2Fcomments&post=316558"}],"version-history":[{"count":2,"href":"https:\/\/archive.sana.sy\/es\/index.php?rest_route=\/wp\/v2\/posts\/316558\/revisions"}],"predecessor-version":[{"id":316561,"href":"https:\/\/archive.sana.sy\/es\/index.php?rest_route=\/wp\/v2\/posts\/316558\/revisions\/316561"}],"wp:featuredmedia":[{"embeddable":true,"href":"https:\/\/archive.sana.sy\/es\/index.php?rest_route=\/wp\/v2\/media\/316559"}],"wp:attachment":[{"href":"https:\/\/archive.sana.sy\/es\/index.php?rest_route=%2Fwp%2Fv2%2Fmedia&parent=316558"}],"wp:term":[{"taxonomy":"category","embeddable":true,"href":"https:\/\/archive.sana.sy\/es\/index.php?rest_route=%2Fwp%2Fv2%2Fcategories&post=316558"},{"taxonomy":"post_tag","embeddable":true,"href":"https:\/\/archive.sana.sy\/es\/index.php?rest_route=%2Fwp%2Fv2%2Ftags&post=316558"}],"curies":[{"name":"wp","href":"https:\/\/api.w.org\/{rel}","templated":true}]}}