{"id":316565,"date":"2023-12-11T12:34:16","date_gmt":"2023-12-11T09:34:16","guid":{"rendered":"https:\/\/sana.sy\/es\/?p=316565"},"modified":"2023-12-12T06:00:19","modified_gmt":"2023-12-12T03:00:19","slug":"proyectan-en-siria-la-pelicula-chilena-las-alturas-de-machu-picchu","status":"publish","type":"post","link":"https:\/\/archive.sana.sy\/es\/?p=316565","title":{"rendered":"Proyectan en Siria la pel\u00edcula chilena \u201cLas alturas de Machu Picchu\u201d"},"content":{"rendered":"<p style=\"text-align: justify;\"><span style=\"color: #800000;\"><strong>Damasco, 11 dic (SANA)<\/strong><\/span> Con motivo del sexag\u00e9simo aniversario de la fundaci\u00f3n del grupo musical chileno \u201cLos Jaivas\u201d, se proyect\u00f3 en la \u00d3pera de Damasco el documental musical \u201clas alturas de Machu Picchu\u201d, un poema del poeta Pablo Neruda.<br \/>\n<img loading=\"lazy\" decoding=\"async\" class=\"size-medium wp-image-316567 alignright\" src=\"http:\/\/sana.sy\/es\/wp-content\/uploads\/2023\/12\/DSC_6814-300x194.jpg\" alt=\"\" width=\"300\" height=\"194\" srcset=\"https:\/\/archive.sana.sy\/es\/wp-content\/uploads\/2023\/12\/DSC_6814-300x194.jpg 300w, https:\/\/archive.sana.sy\/es\/wp-content\/uploads\/2023\/12\/DSC_6814-150x97.jpg 150w, https:\/\/archive.sana.sy\/es\/wp-content\/uploads\/2023\/12\/DSC_6814.jpg 660w\" sizes=\"(max-width: 300px) 100vw, 300px\" \/><br \/>\nAutoridades sirias, diplom\u00e1ticos, intelectuales y numerosos interesados en el campo de la cultura asistieron a la actividad que fue organizada por la Embajada de Chile en Damasco, en cooperaci\u00f3n con el Ministerio de Cultura.<\/p>\n<p>La banda Los Ja\u00edvas es considerada un \u00edcono de la cultura chilena, y la pel\u00edcula se film\u00f3 en 1981 en la regi\u00f3n de Machu Picchu, en Per\u00fa, e incluye la interpretaci\u00f3n de canciones con palabras del poeta chileno Pablo Neruda y comentarios del escritor Mario Vargas LLossa.<\/p>\n<p>El encargado de negocios de la Embajada de Chile en Damasco, Jos\u00e9 Patricio Brickle, dijo que la pel\u00edcula refleja los lazos de hermandad entre los pueblos de Am\u00e9rica Latina y su presentaci\u00f3n en Damasco fortalece los lazos culturales entre Siria y Chile.<\/p>\n<p>La pel\u00edcula destaca la labor de esta banda de fusi\u00f3n musical, que fue fundada por cinco j\u00f3venes m\u00fasicos e interpreta una mezcla de m\u00fasica, especialmente la popular y el rock.<\/p>\n<div id='gallery-1' class='gallery galleryid-316565 gallery-columns-1 gallery-size-full'><figure class='gallery-item'>\n\t\t\t<div class='gallery-icon landscape'>\n\t\t\t\t<a href='https:\/\/archive.sana.sy\/es\/wp-content\/uploads\/2023\/12\/DSC_6844-1.jpg'><img loading=\"lazy\" decoding=\"async\" width=\"660\" height=\"390\" src=\"https:\/\/archive.sana.sy\/es\/wp-content\/uploads\/2023\/12\/DSC_6844-1.jpg\" class=\"attachment-full size-full\" alt=\"\" srcset=\"https:\/\/archive.sana.sy\/es\/wp-content\/uploads\/2023\/12\/DSC_6844-1.jpg 660w, https:\/\/archive.sana.sy\/es\/wp-content\/uploads\/2023\/12\/DSC_6844-1-300x177.jpg 300w, https:\/\/archive.sana.sy\/es\/wp-content\/uploads\/2023\/12\/DSC_6844-1-150x89.jpg 150w\" sizes=\"(max-width: 660px) 100vw, 660px\" \/><\/a>\n\t\t\t<\/div><\/figure><figure class='gallery-item'>\n\t\t\t<div class='gallery-icon landscape'>\n\t\t\t\t<a href='https:\/\/archive.sana.sy\/es\/wp-content\/uploads\/2023\/12\/DSC_6845-1.jpg'><img loading=\"lazy\" decoding=\"async\" width=\"660\" height=\"388\" src=\"https:\/\/archive.sana.sy\/es\/wp-content\/uploads\/2023\/12\/DSC_6845-1.jpg\" class=\"attachment-full size-full\" alt=\"\" srcset=\"https:\/\/archive.sana.sy\/es\/wp-content\/uploads\/2023\/12\/DSC_6845-1.jpg 660w, https:\/\/archive.sana.sy\/es\/wp-content\/uploads\/2023\/12\/DSC_6845-1-300x176.jpg 300w, https:\/\/archive.sana.sy\/es\/wp-content\/uploads\/2023\/12\/DSC_6845-1-150x88.jpg 150w\" sizes=\"(max-width: 660px) 100vw, 660px\" \/><\/a>\n\t\t\t<\/div><\/figure><figure class='gallery-item'>\n\t\t\t<div class='gallery-icon landscape'>\n\t\t\t\t<a href='https:\/\/archive.sana.sy\/es\/wp-content\/uploads\/2023\/12\/DSC_6847-1.jpg'><img loading=\"lazy\" decoding=\"async\" width=\"660\" height=\"380\" src=\"https:\/\/archive.sana.sy\/es\/wp-content\/uploads\/2023\/12\/DSC_6847-1.jpg\" class=\"attachment-full size-full\" alt=\"\" srcset=\"https:\/\/archive.sana.sy\/es\/wp-content\/uploads\/2023\/12\/DSC_6847-1.jpg 660w, https:\/\/archive.sana.sy\/es\/wp-content\/uploads\/2023\/12\/DSC_6847-1-300x173.jpg 300w, https:\/\/archive.sana.sy\/es\/wp-content\/uploads\/2023\/12\/DSC_6847-1-150x86.jpg 150w\" sizes=\"(max-width: 660px) 100vw, 660px\" \/><\/a>\n\t\t\t<\/div><\/figure><figure class='gallery-item'>\n\t\t\t<div class='gallery-icon landscape'>\n\t\t\t\t<a href='https:\/\/archive.sana.sy\/es\/wp-content\/uploads\/2023\/12\/DSC_6855-1.jpg'><img loading=\"lazy\" decoding=\"async\" width=\"660\" height=\"409\" src=\"https:\/\/archive.sana.sy\/es\/wp-content\/uploads\/2023\/12\/DSC_6855-1.jpg\" class=\"attachment-full size-full\" alt=\"\" srcset=\"https:\/\/archive.sana.sy\/es\/wp-content\/uploads\/2023\/12\/DSC_6855-1.jpg 660w, https:\/\/archive.sana.sy\/es\/wp-content\/uploads\/2023\/12\/DSC_6855-1-300x186.jpg 300w, https:\/\/archive.sana.sy\/es\/wp-content\/uploads\/2023\/12\/DSC_6855-1-150x93.jpg 150w\" sizes=\"(max-width: 660px) 100vw, 660px\" \/><\/a>\n\t\t\t<\/div><\/figure><figure class='gallery-item'>\n\t\t\t<div class='gallery-icon landscape'>\n\t\t\t\t<a href='https:\/\/archive.sana.sy\/es\/wp-content\/uploads\/2023\/12\/DSC_6857-1.jpg'><img loading=\"lazy\" decoding=\"async\" width=\"660\" height=\"422\" src=\"https:\/\/archive.sana.sy\/es\/wp-content\/uploads\/2023\/12\/DSC_6857-1.jpg\" class=\"attachment-full size-full\" alt=\"\" srcset=\"https:\/\/archive.sana.sy\/es\/wp-content\/uploads\/2023\/12\/DSC_6857-1.jpg 660w, https:\/\/archive.sana.sy\/es\/wp-content\/uploads\/2023\/12\/DSC_6857-1-300x192.jpg 300w, https:\/\/archive.sana.sy\/es\/wp-content\/uploads\/2023\/12\/DSC_6857-1-150x96.jpg 150w\" sizes=\"(max-width: 660px) 100vw, 660px\" \/><\/a>\n\t\t\t<\/div><\/figure><figure class='gallery-item'>\n\t\t\t<div class='gallery-icon landscape'>\n\t\t\t\t<a href='https:\/\/archive.sana.sy\/es\/wp-content\/uploads\/2023\/12\/DSC_6859-1.jpg'><img loading=\"lazy\" decoding=\"async\" width=\"660\" height=\"411\" src=\"https:\/\/archive.sana.sy\/es\/wp-content\/uploads\/2023\/12\/DSC_6859-1.jpg\" class=\"attachment-full size-full\" alt=\"\" srcset=\"https:\/\/archive.sana.sy\/es\/wp-content\/uploads\/2023\/12\/DSC_6859-1.jpg 660w, https:\/\/archive.sana.sy\/es\/wp-content\/uploads\/2023\/12\/DSC_6859-1-300x187.jpg 300w, https:\/\/archive.sana.sy\/es\/wp-content\/uploads\/2023\/12\/DSC_6859-1-150x93.jpg 150w\" sizes=\"(max-width: 660px) 100vw, 660px\" \/><\/a>\n\t\t\t<\/div><\/figure><figure class='gallery-item'>\n\t\t\t<div class='gallery-icon landscape'>\n\t\t\t\t<a href='https:\/\/archive.sana.sy\/es\/wp-content\/uploads\/2023\/12\/DSC_6865-1.jpg'><img loading=\"lazy\" decoding=\"async\" width=\"660\" height=\"362\" src=\"https:\/\/archive.sana.sy\/es\/wp-content\/uploads\/2023\/12\/DSC_6865-1.jpg\" class=\"attachment-full size-full\" alt=\"\" srcset=\"https:\/\/archive.sana.sy\/es\/wp-content\/uploads\/2023\/12\/DSC_6865-1.jpg 660w, https:\/\/archive.sana.sy\/es\/wp-content\/uploads\/2023\/12\/DSC_6865-1-300x165.jpg 300w, https:\/\/archive.sana.sy\/es\/wp-content\/uploads\/2023\/12\/DSC_6865-1-150x82.jpg 150w\" sizes=\"(max-width: 660px) 100vw, 660px\" \/><\/a>\n\t\t\t<\/div><\/figure><figure class='gallery-item'>\n\t\t\t<div class='gallery-icon landscape'>\n\t\t\t\t<a href='https:\/\/archive.sana.sy\/es\/wp-content\/uploads\/2023\/12\/DSC_6869-1.jpg'><img loading=\"lazy\" decoding=\"async\" width=\"660\" height=\"363\" src=\"https:\/\/archive.sana.sy\/es\/wp-content\/uploads\/2023\/12\/DSC_6869-1.jpg\" class=\"attachment-full size-full\" alt=\"\" srcset=\"https:\/\/archive.sana.sy\/es\/wp-content\/uploads\/2023\/12\/DSC_6869-1.jpg 660w, https:\/\/archive.sana.sy\/es\/wp-content\/uploads\/2023\/12\/DSC_6869-1-300x165.jpg 300w, https:\/\/archive.sana.sy\/es\/wp-content\/uploads\/2023\/12\/DSC_6869-1-150x83.jpg 150w\" sizes=\"(max-width: 660px) 100vw, 660px\" \/><\/a>\n\t\t\t<\/div><\/figure>\n\t\t<\/div>\n\n<p style=\"text-align: justify;\"><strong>fm\/ws<\/strong><\/p>\n","protected":false},"excerpt":{"rendered":"<p>Damasco, 11 dic (SANA) Con motivo del sexag\u00e9simo aniversario de la fundaci\u00f3n del grupo musical chileno \u201cLos Jaivas\u201d, se proyect\u00f3 en la \u00d3pera de Damasco el documental musical \u201clas alturas de Machu Picchu\u201d, un poema del poeta Pablo Neruda. Autoridades sirias, diplom\u00e1ticos, intelectuales y numerosos interesados en el campo de la cultura asistieron a la &hellip;<\/p>\n","protected":false},"author":35,"featured_media":316566,"comment_status":"closed","ping_status":"closed","sticky":false,"template":"","format":"standard","meta":{"footnotes":""},"categories":[597,510,467,7541],"tags":[],"class_list":["post-316565","post","type-post","status-publish","format-standard","has-post-thumbnail","","category-cinta-de-noticias","category-arte-y-cultura","category-siria-y-el-mundo","category-ultimas-noticias"],"_links":{"self":[{"href":"https:\/\/archive.sana.sy\/es\/index.php?rest_route=\/wp\/v2\/posts\/316565"}],"collection":[{"href":"https:\/\/archive.sana.sy\/es\/index.php?rest_route=\/wp\/v2\/posts"}],"about":[{"href":"https:\/\/archive.sana.sy\/es\/index.php?rest_route=\/wp\/v2\/types\/post"}],"author":[{"embeddable":true,"href":"https:\/\/archive.sana.sy\/es\/index.php?rest_route=\/wp\/v2\/users\/35"}],"replies":[{"embeddable":true,"href":"https:\/\/archive.sana.sy\/es\/index.php?rest_route=%2Fwp%2Fv2%2Fcomments&post=316565"}],"version-history":[{"count":3,"href":"https:\/\/archive.sana.sy\/es\/index.php?rest_route=\/wp\/v2\/posts\/316565\/revisions"}],"predecessor-version":[{"id":316624,"href":"https:\/\/archive.sana.sy\/es\/index.php?rest_route=\/wp\/v2\/posts\/316565\/revisions\/316624"}],"wp:featuredmedia":[{"embeddable":true,"href":"https:\/\/archive.sana.sy\/es\/index.php?rest_route=\/wp\/v2\/media\/316566"}],"wp:attachment":[{"href":"https:\/\/archive.sana.sy\/es\/index.php?rest_route=%2Fwp%2Fv2%2Fmedia&parent=316565"}],"wp:term":[{"taxonomy":"category","embeddable":true,"href":"https:\/\/archive.sana.sy\/es\/index.php?rest_route=%2Fwp%2Fv2%2Fcategories&post=316565"},{"taxonomy":"post_tag","embeddable":true,"href":"https:\/\/archive.sana.sy\/es\/index.php?rest_route=%2Fwp%2Fv2%2Ftags&post=316565"}],"curies":[{"name":"wp","href":"https:\/\/api.w.org\/{rel}","templated":true}]}}