{"id":316589,"date":"2023-12-11T14:34:34","date_gmt":"2023-12-11T11:34:34","guid":{"rendered":"https:\/\/sana.sy\/es\/?p=316589"},"modified":"2023-12-11T14:34:34","modified_gmt":"2023-12-11T11:34:34","slug":"denuncian-ataques-israelies-contra-patrimonio-historico-en-gaza","status":"publish","type":"post","link":"https:\/\/archive.sana.sy\/es\/?p=316589","title":{"rendered":"Denuncian ataques israel\u00edes contra patrimonio hist\u00f3rico en Gaza"},"content":{"rendered":"<p style=\"text-align: justify;\"><span style=\"color: #800000;\"><strong>Jerusal\u00e9n ocupada, 11 dic (SANA)<\/strong> \u00a0<\/span>El Ministerio de Turismo y Antig\u00fcedades palestino denunci\u00f3 que los bombardeos israel\u00edes contra los sitios arqueol\u00f3gicos, culturales e hist\u00f3ricos de la Franja de Gaza buscan destruir el patrimonio nacional.<\/p>\n<p>La entidad conden\u00f3 en un comunicado citado por Prensa Latina, el ataque contra la Mezquita de Omari, uno de los sitios arqueol\u00f3gicos y religiosos m\u00e1s importantes de ese enclave costero, donde viven 2,3 millones de personas.<\/p>\n<p style=\"text-align: justify;\">Record\u00f3 que all\u00ed se levant\u00f3 una iglesia bizantina en el siglo V y luego en el siglo XIII el actual templo.<\/p>\n<p style=\"text-align: justify;\">La destrucci\u00f3n de la mezquita es un ataque directo a los bienes culturales palestinos y viola todos los tratados y acuerdos internacionales, incluida la Convenci\u00f3n de La Haya de 1907 y la Cuarta Convenci\u00f3n de Ginebra de 1949, subray\u00f3.<\/p>\n<p style=\"text-align: justify;\">Como otros ejemplos cit\u00f3 los da\u00f1os al antiguo puerto de Gaza, la Iglesia de Porfirio, la Mezquita de Jabalia y numerosos edificios hist\u00f3ricos y museos.<\/p>\n<p style=\"text-align: justify;\">fm<\/p>\n","protected":false},"excerpt":{"rendered":"<p>Jerusal\u00e9n ocupada, 11 dic (SANA) \u00a0El Ministerio de Turismo y Antig\u00fcedades palestino denunci\u00f3 que los bombardeos israel\u00edes contra los sitios arqueol\u00f3gicos, culturales e hist\u00f3ricos de la Franja de Gaza buscan destruir el patrimonio nacional. La entidad conden\u00f3 en un comunicado citado por Prensa Latina, el ataque contra la Mezquita de Omari, uno de los sitios &hellip;<\/p>\n","protected":false},"author":34,"featured_media":316590,"comment_status":"closed","ping_status":"closed","sticky":false,"template":"","format":"standard","meta":{"footnotes":""},"categories":[597,456,20724,7541],"tags":[],"class_list":["post-316589","post","type-post","status-publish","format-standard","has-post-thumbnail","","category-cinta-de-noticias","category-arabe-internacional-politica","category-minuto-a-minuto","category-ultimas-noticias"],"_links":{"self":[{"href":"https:\/\/archive.sana.sy\/es\/index.php?rest_route=\/wp\/v2\/posts\/316589"}],"collection":[{"href":"https:\/\/archive.sana.sy\/es\/index.php?rest_route=\/wp\/v2\/posts"}],"about":[{"href":"https:\/\/archive.sana.sy\/es\/index.php?rest_route=\/wp\/v2\/types\/post"}],"author":[{"embeddable":true,"href":"https:\/\/archive.sana.sy\/es\/index.php?rest_route=\/wp\/v2\/users\/34"}],"replies":[{"embeddable":true,"href":"https:\/\/archive.sana.sy\/es\/index.php?rest_route=%2Fwp%2Fv2%2Fcomments&post=316589"}],"version-history":[{"count":1,"href":"https:\/\/archive.sana.sy\/es\/index.php?rest_route=\/wp\/v2\/posts\/316589\/revisions"}],"predecessor-version":[{"id":316591,"href":"https:\/\/archive.sana.sy\/es\/index.php?rest_route=\/wp\/v2\/posts\/316589\/revisions\/316591"}],"wp:featuredmedia":[{"embeddable":true,"href":"https:\/\/archive.sana.sy\/es\/index.php?rest_route=\/wp\/v2\/media\/316590"}],"wp:attachment":[{"href":"https:\/\/archive.sana.sy\/es\/index.php?rest_route=%2Fwp%2Fv2%2Fmedia&parent=316589"}],"wp:term":[{"taxonomy":"category","embeddable":true,"href":"https:\/\/archive.sana.sy\/es\/index.php?rest_route=%2Fwp%2Fv2%2Fcategories&post=316589"},{"taxonomy":"post_tag","embeddable":true,"href":"https:\/\/archive.sana.sy\/es\/index.php?rest_route=%2Fwp%2Fv2%2Ftags&post=316589"}],"curies":[{"name":"wp","href":"https:\/\/api.w.org\/{rel}","templated":true}]}}