{"id":316595,"date":"2023-12-11T15:24:46","date_gmt":"2023-12-11T12:24:46","guid":{"rendered":"https:\/\/sana.sy\/es\/?p=316595"},"modified":"2023-12-11T15:24:46","modified_gmt":"2023-12-11T12:24:46","slug":"el-observatorio-euromediterraneo-de-derechos-humanos-las-fuerzas-de-ocupacion-israelies-utilizan-a-los-detenidos-palestinos-como-escudos-humanos-para-asaltar-casas-residenciales-en-varias-areas-en-ga","status":"publish","type":"post","link":"https:\/\/archive.sana.sy\/es\/?p=316595","title":{"rendered":"El Observatorio Euromediterr\u00e1neo de Derechos Humanos: Las fuerzas de ocupaci\u00f3n israel\u00edes utilizan a los detenidos palestinos como escudos humanos para asaltar casas residenciales en varias \u00e1reas en Gaza"},"content":{"rendered":"","protected":false},"excerpt":{"rendered":"","protected":false},"author":34,"featured_media":0,"comment_status":"closed","ping_status":"closed","sticky":false,"template":"","format":"standard","meta":{"footnotes":""},"categories":[596],"tags":[],"class_list":["post-316595","post","type-post","status-publish","format-standard","","category-urgente"],"_links":{"self":[{"href":"https:\/\/archive.sana.sy\/es\/index.php?rest_route=\/wp\/v2\/posts\/316595"}],"collection":[{"href":"https:\/\/archive.sana.sy\/es\/index.php?rest_route=\/wp\/v2\/posts"}],"about":[{"href":"https:\/\/archive.sana.sy\/es\/index.php?rest_route=\/wp\/v2\/types\/post"}],"author":[{"embeddable":true,"href":"https:\/\/archive.sana.sy\/es\/index.php?rest_route=\/wp\/v2\/users\/34"}],"replies":[{"embeddable":true,"href":"https:\/\/archive.sana.sy\/es\/index.php?rest_route=%2Fwp%2Fv2%2Fcomments&post=316595"}],"version-history":[{"count":1,"href":"https:\/\/archive.sana.sy\/es\/index.php?rest_route=\/wp\/v2\/posts\/316595\/revisions"}],"predecessor-version":[{"id":316596,"href":"https:\/\/archive.sana.sy\/es\/index.php?rest_route=\/wp\/v2\/posts\/316595\/revisions\/316596"}],"wp:attachment":[{"href":"https:\/\/archive.sana.sy\/es\/index.php?rest_route=%2Fwp%2Fv2%2Fmedia&parent=316595"}],"wp:term":[{"taxonomy":"category","embeddable":true,"href":"https:\/\/archive.sana.sy\/es\/index.php?rest_route=%2Fwp%2Fv2%2Fcategories&post=316595"},{"taxonomy":"post_tag","embeddable":true,"href":"https:\/\/archive.sana.sy\/es\/index.php?rest_route=%2Fwp%2Fv2%2Ftags&post=316595"}],"curies":[{"name":"wp","href":"https:\/\/api.w.org\/{rel}","templated":true}]}}