{"id":316631,"date":"2023-12-12T10:35:43","date_gmt":"2023-12-12T07:35:43","guid":{"rendered":"https:\/\/sana.sy\/es\/?p=316631"},"modified":"2023-12-12T10:35:43","modified_gmt":"2023-12-12T07:35:43","slug":"resistencia-iraqui-ataca-con-dron-una-base-del-ocupante-estadounidense-en-anbar","status":"publish","type":"post","link":"https:\/\/archive.sana.sy\/es\/?p=316631","title":{"rendered":"Resistencia iraqu\u00ed ataca con dron una base del ocupante estadounidense en Anbar"},"content":{"rendered":"<p style=\"text-align: justify;\"><span style=\"color: #800000;\"><strong>Bagdad, 12 dic (SANA)<\/strong><\/span> La Resistencia iraqu\u00ed atac\u00f3 de nuevo la base ilegal estadounidense \u201cAin Al-Assad\u201d, ubicada en la gobernaci\u00f3n de Anbar, en el oeste de Iraq.<\/p>\n<p style=\"text-align: justify;\">En un comunicado emitido por la misma entidad, los combatientes de la Resistencia confirmaron haber bombardeado con un dron la base del ocupante estadounidense, e indicaron que el aparato a\u00e9reo alcanz\u00f3 exitosamente el objetivo.<\/p>\n<p style=\"text-align: justify;\">Anteriormente, la resistencia iraqu\u00ed lanza\u00f3 una andanada de cohetes contra la base de ocupaci\u00f3n estadounidense en Al-Shaddadi, al sur de la ciudad de Hasakeh.<\/p>\n<p style=\"text-align: justify;\">ed\/fm<\/p>\n","protected":false},"excerpt":{"rendered":"<p>Bagdad, 12 dic (SANA) La Resistencia iraqu\u00ed atac\u00f3 de nuevo la base ilegal estadounidense \u201cAin Al-Assad\u201d, ubicada en la gobernaci\u00f3n de Anbar, en el oeste de Iraq. En un comunicado emitido por la misma entidad, los combatientes de la Resistencia confirmaron haber bombardeado con un dron la base del ocupante estadounidense, e indicaron que el &hellip;<\/p>\n","protected":false},"author":32,"featured_media":316632,"comment_status":"closed","ping_status":"closed","sticky":false,"template":"","format":"standard","meta":{"footnotes":""},"categories":[597,456,20724,7541],"tags":[],"class_list":["post-316631","post","type-post","status-publish","format-standard","has-post-thumbnail","","category-cinta-de-noticias","category-arabe-internacional-politica","category-minuto-a-minuto","category-ultimas-noticias"],"_links":{"self":[{"href":"https:\/\/archive.sana.sy\/es\/index.php?rest_route=\/wp\/v2\/posts\/316631"}],"collection":[{"href":"https:\/\/archive.sana.sy\/es\/index.php?rest_route=\/wp\/v2\/posts"}],"about":[{"href":"https:\/\/archive.sana.sy\/es\/index.php?rest_route=\/wp\/v2\/types\/post"}],"author":[{"embeddable":true,"href":"https:\/\/archive.sana.sy\/es\/index.php?rest_route=\/wp\/v2\/users\/32"}],"replies":[{"embeddable":true,"href":"https:\/\/archive.sana.sy\/es\/index.php?rest_route=%2Fwp%2Fv2%2Fcomments&post=316631"}],"version-history":[{"count":1,"href":"https:\/\/archive.sana.sy\/es\/index.php?rest_route=\/wp\/v2\/posts\/316631\/revisions"}],"predecessor-version":[{"id":316633,"href":"https:\/\/archive.sana.sy\/es\/index.php?rest_route=\/wp\/v2\/posts\/316631\/revisions\/316633"}],"wp:featuredmedia":[{"embeddable":true,"href":"https:\/\/archive.sana.sy\/es\/index.php?rest_route=\/wp\/v2\/media\/316632"}],"wp:attachment":[{"href":"https:\/\/archive.sana.sy\/es\/index.php?rest_route=%2Fwp%2Fv2%2Fmedia&parent=316631"}],"wp:term":[{"taxonomy":"category","embeddable":true,"href":"https:\/\/archive.sana.sy\/es\/index.php?rest_route=%2Fwp%2Fv2%2Fcategories&post=316631"},{"taxonomy":"post_tag","embeddable":true,"href":"https:\/\/archive.sana.sy\/es\/index.php?rest_route=%2Fwp%2Fv2%2Ftags&post=316631"}],"curies":[{"name":"wp","href":"https:\/\/api.w.org\/{rel}","templated":true}]}}