{"id":316634,"date":"2023-12-12T12:13:10","date_gmt":"2023-12-12T09:13:10","guid":{"rendered":"https:\/\/sana.sy\/es\/?p=316634"},"modified":"2023-12-12T12:13:10","modified_gmt":"2023-12-12T09:13:10","slug":"nebenzia-llama-a-detener-la-agresion-de-israel-en-la-franja-de-gaza","status":"publish","type":"post","link":"https:\/\/archive.sana.sy\/es\/?p=316634","title":{"rendered":"Nebenzia llama a detener la agresi\u00f3n de &#8220;Israel&#8221; en la Franja de Gaza"},"content":{"rendered":"<p style=\"text-align: justify;\"><span style=\"color: #800000;\"><strong>Mosc\u00fa, 12 dic (SANA)<\/strong><\/span>\u00a0 \u00a0El representante permanente de Rusia ante las Naciones Unidas, Vasili Nebenzia, llam\u00f3 a poner fin a la agresi\u00f3n de &#8220;Israel&#8221; contra Gaza y advirti\u00f3 que el conflicto palestino-israel\u00ed continuar\u00e1 a menos que se establezca un Estado palestino independiente y soberano.<\/p>\n<p style=\"text-align: justify;\">&#8220;Nos esforzamos por cesar el alto el fuego para evitar un mayor sufrimiento a los palestinos en Gaza, que se han convertido en v\u00edctimas y rehenes de esta situaci\u00f3n&#8221;, dijo Nebenzia a Russia Today.<\/p>\n<p style=\"text-align: justify;\">Anteriormente, una delegaci\u00f3n que incluye a representantes de los Estados miembros del Consejo de Seguridad de la ONU lleg\u00f3 al Aeropuerto Internacional Al-Arish en Egipto en preparaci\u00f3n para inspeccionar los centros que recibieron ayuda humanitaria proporcionada a la Franja de Gaza, que ha sido sometida a la actual agresi\u00f3n de ocupaci\u00f3n israel\u00ed por 66\u00ba d\u00eda.<\/p>\n<p style=\"text-align: justify;\">ed\/fm<\/p>\n","protected":false},"excerpt":{"rendered":"<p>Mosc\u00fa, 12 dic (SANA)\u00a0 \u00a0El representante permanente de Rusia ante las Naciones Unidas, Vasili Nebenzia, llam\u00f3 a poner fin a la agresi\u00f3n de &#8220;Israel&#8221; contra Gaza y advirti\u00f3 que el conflicto palestino-israel\u00ed continuar\u00e1 a menos que se establezca un Estado palestino independiente y soberano. &#8220;Nos esforzamos por cesar el alto el fuego para evitar un &hellip;<\/p>\n","protected":false},"author":32,"featured_media":316635,"comment_status":"closed","ping_status":"closed","sticky":false,"template":"","format":"standard","meta":{"footnotes":""},"categories":[597,456,20724,7541],"tags":[],"class_list":["post-316634","post","type-post","status-publish","format-standard","has-post-thumbnail","","category-cinta-de-noticias","category-arabe-internacional-politica","category-minuto-a-minuto","category-ultimas-noticias"],"_links":{"self":[{"href":"https:\/\/archive.sana.sy\/es\/index.php?rest_route=\/wp\/v2\/posts\/316634"}],"collection":[{"href":"https:\/\/archive.sana.sy\/es\/index.php?rest_route=\/wp\/v2\/posts"}],"about":[{"href":"https:\/\/archive.sana.sy\/es\/index.php?rest_route=\/wp\/v2\/types\/post"}],"author":[{"embeddable":true,"href":"https:\/\/archive.sana.sy\/es\/index.php?rest_route=\/wp\/v2\/users\/32"}],"replies":[{"embeddable":true,"href":"https:\/\/archive.sana.sy\/es\/index.php?rest_route=%2Fwp%2Fv2%2Fcomments&post=316634"}],"version-history":[{"count":1,"href":"https:\/\/archive.sana.sy\/es\/index.php?rest_route=\/wp\/v2\/posts\/316634\/revisions"}],"predecessor-version":[{"id":316636,"href":"https:\/\/archive.sana.sy\/es\/index.php?rest_route=\/wp\/v2\/posts\/316634\/revisions\/316636"}],"wp:featuredmedia":[{"embeddable":true,"href":"https:\/\/archive.sana.sy\/es\/index.php?rest_route=\/wp\/v2\/media\/316635"}],"wp:attachment":[{"href":"https:\/\/archive.sana.sy\/es\/index.php?rest_route=%2Fwp%2Fv2%2Fmedia&parent=316634"}],"wp:term":[{"taxonomy":"category","embeddable":true,"href":"https:\/\/archive.sana.sy\/es\/index.php?rest_route=%2Fwp%2Fv2%2Fcategories&post=316634"},{"taxonomy":"post_tag","embeddable":true,"href":"https:\/\/archive.sana.sy\/es\/index.php?rest_route=%2Fwp%2Fv2%2Ftags&post=316634"}],"curies":[{"name":"wp","href":"https:\/\/api.w.org\/{rel}","templated":true}]}}