{"id":316657,"date":"2023-12-12T16:09:11","date_gmt":"2023-12-12T13:09:11","guid":{"rendered":"https:\/\/sana.sy\/es\/?p=316657"},"modified":"2023-12-12T16:09:11","modified_gmt":"2023-12-12T13:09:11","slug":"el-ministerio-palestino-de-salud-informa-que-el-numero-de-victimas-fatales-por-la-agresion-israeli-asciende-ya-a-18-mil-412-y-mas-de-50-mil-los-heridos-desde-el-pasado-7-de-octubre","status":"publish","type":"post","link":"https:\/\/archive.sana.sy\/es\/?p=316657","title":{"rendered":"El Ministerio palestino de Salud informa que el n\u00famero de v\u00edctimas fatales por la agresi\u00f3n israel\u00ed asciende ya a 18 mil 412, y m\u00e1s de 50 mil los heridos, desde el pasado 7 de octubre."},"content":{"rendered":"","protected":false},"excerpt":{"rendered":"","protected":false},"author":34,"featured_media":0,"comment_status":"closed","ping_status":"closed","sticky":false,"template":"","format":"standard","meta":{"footnotes":""},"categories":[596],"tags":[],"class_list":["post-316657","post","type-post","status-publish","format-standard","","category-urgente"],"_links":{"self":[{"href":"https:\/\/archive.sana.sy\/es\/index.php?rest_route=\/wp\/v2\/posts\/316657"}],"collection":[{"href":"https:\/\/archive.sana.sy\/es\/index.php?rest_route=\/wp\/v2\/posts"}],"about":[{"href":"https:\/\/archive.sana.sy\/es\/index.php?rest_route=\/wp\/v2\/types\/post"}],"author":[{"embeddable":true,"href":"https:\/\/archive.sana.sy\/es\/index.php?rest_route=\/wp\/v2\/users\/34"}],"replies":[{"embeddable":true,"href":"https:\/\/archive.sana.sy\/es\/index.php?rest_route=%2Fwp%2Fv2%2Fcomments&post=316657"}],"version-history":[{"count":1,"href":"https:\/\/archive.sana.sy\/es\/index.php?rest_route=\/wp\/v2\/posts\/316657\/revisions"}],"predecessor-version":[{"id":316658,"href":"https:\/\/archive.sana.sy\/es\/index.php?rest_route=\/wp\/v2\/posts\/316657\/revisions\/316658"}],"wp:attachment":[{"href":"https:\/\/archive.sana.sy\/es\/index.php?rest_route=%2Fwp%2Fv2%2Fmedia&parent=316657"}],"wp:term":[{"taxonomy":"category","embeddable":true,"href":"https:\/\/archive.sana.sy\/es\/index.php?rest_route=%2Fwp%2Fv2%2Fcategories&post=316657"},{"taxonomy":"post_tag","embeddable":true,"href":"https:\/\/archive.sana.sy\/es\/index.php?rest_route=%2Fwp%2Fv2%2Ftags&post=316657"}],"curies":[{"name":"wp","href":"https:\/\/api.w.org\/{rel}","templated":true}]}}