{"id":31673,"date":"2015-10-16T17:04:46","date_gmt":"2015-10-16T14:04:46","guid":{"rendered":"http:\/\/sana.sy\/es\/?p=31673"},"modified":"2015-10-16T17:04:46","modified_gmt":"2015-10-16T14:04:46","slug":"nasrallah-examina-con-boroujerdi-la-situacion-en-libano-y-la-region","status":"publish","type":"post","link":"https:\/\/archive.sana.sy\/es\/?p=31673","title":{"rendered":"Nasrallah examina con Boroujerdi la situaci\u00f3n en L\u00edbano y la regi\u00f3n"},"content":{"rendered":"<p style=\"text-align: justify\"><span style=\"color: #800000\">Beirut, SANA<\/span>&#8211; El secretario general de Hezbullah, sayed Hassan Nasrallah recibi\u00f3 hoy al presidente de la Comisi\u00f3n de Seguridad y Pol\u00edtica Exterior del Consejo Consultivo Isl\u00e1mico de Iran, Sayed Alaeddine Boroujerdi, acompa\u00f1ado de una delegaci\u00f3n parlamentaria y en presencia del embajador iran\u00ed en L\u00edbano, Sayed Mohamad Fathali. Durante la reuni\u00f3n se trataron los \u00faltimos acontecimientos pol\u00edticos y de seguridad en L\u00edbano y la regi\u00f3n.<\/p>\n<p>M.Miri<\/p>\n","protected":false},"excerpt":{"rendered":"<p>Beirut, SANA&#8211; El secretario general de Hezbullah, sayed Hassan Nasrallah recibi\u00f3 hoy al presidente de la Comisi\u00f3n de Seguridad y Pol\u00edtica Exterior del Consejo Consultivo Isl\u00e1mico de Iran, Sayed Alaeddine Boroujerdi, acompa\u00f1ado de una delegaci\u00f3n parlamentaria y en presencia del embajador iran\u00ed en L\u00edbano, Sayed Mohamad Fathali. Durante la reuni\u00f3n se trataron los \u00faltimos acontecimientos &hellip;<\/p>\n","protected":false},"author":1,"featured_media":31674,"comment_status":"closed","ping_status":"closed","sticky":false,"template":"","format":"standard","meta":{"footnotes":""},"categories":[456,457],"tags":[7061],"class_list":["post-31673","post","type-post","status-publish","format-standard","has-post-thumbnail","","category-arabe-internacional-politica","category-noticias-arabe-internacional-politica","tag-nasrallah-examina-con-boroujerdi-la-situacion-en-libano-y-la-region"],"_links":{"self":[{"href":"https:\/\/archive.sana.sy\/es\/index.php?rest_route=\/wp\/v2\/posts\/31673"}],"collection":[{"href":"https:\/\/archive.sana.sy\/es\/index.php?rest_route=\/wp\/v2\/posts"}],"about":[{"href":"https:\/\/archive.sana.sy\/es\/index.php?rest_route=\/wp\/v2\/types\/post"}],"author":[{"embeddable":true,"href":"https:\/\/archive.sana.sy\/es\/index.php?rest_route=\/wp\/v2\/users\/1"}],"replies":[{"embeddable":true,"href":"https:\/\/archive.sana.sy\/es\/index.php?rest_route=%2Fwp%2Fv2%2Fcomments&post=31673"}],"version-history":[{"count":0,"href":"https:\/\/archive.sana.sy\/es\/index.php?rest_route=\/wp\/v2\/posts\/31673\/revisions"}],"wp:featuredmedia":[{"embeddable":true,"href":"https:\/\/archive.sana.sy\/es\/index.php?rest_route=\/wp\/v2\/media\/31674"}],"wp:attachment":[{"href":"https:\/\/archive.sana.sy\/es\/index.php?rest_route=%2Fwp%2Fv2%2Fmedia&parent=31673"}],"wp:term":[{"taxonomy":"category","embeddable":true,"href":"https:\/\/archive.sana.sy\/es\/index.php?rest_route=%2Fwp%2Fv2%2Fcategories&post=31673"},{"taxonomy":"post_tag","embeddable":true,"href":"https:\/\/archive.sana.sy\/es\/index.php?rest_route=%2Fwp%2Fv2%2Ftags&post=31673"}],"curies":[{"name":"wp","href":"https:\/\/api.w.org\/{rel}","templated":true}]}}