{"id":316745,"date":"2023-12-13T17:18:12","date_gmt":"2023-12-13T14:18:12","guid":{"rendered":"https:\/\/sana.sy\/es\/?p=316745"},"modified":"2023-12-13T17:18:12","modified_gmt":"2023-12-13T14:18:12","slug":"cancilleres-de-siria-y-vietnam-repasan-vias-para-fortalecer-relaciones-bilaterales","status":"publish","type":"post","link":"https:\/\/archive.sana.sy\/es\/?p=316745","title":{"rendered":"Cancilleres de Siria y Vietnam repasan v\u00edas para fortalecer relaciones bilaterales"},"content":{"rendered":"<p style=\"text-align: justify\"><strong><span style=\"color: #800000\">Damasco, 13 dic (SANA)<\/span> <\/strong>El ministro de Asuntos Exteriores y Expatriados, Faisal Al-Mekdad, repas\u00f3 v\u00eda telef\u00f3nica con su hom\u00f3logo de Vietnam, Bui Thanh Son, las formas para mejorar las relaciones bilaterales entre los dos pa\u00edses amigos.<\/p>\n<p style=\"text-align: justify\">El canciller de la naci\u00f3n asi\u00e1tica manifest\u00f3 el deseo de su pa\u00eds de fortalecer los v\u00ednculos bilaterales, y felicit\u00f3 a Siria y su pueblo por su firmeza y la victoria en la guerra terrorista impuesta.<\/p>\n<p style=\"text-align: justify\">Expres\u00f3 la disposici\u00f3n de su pa\u00eds de brindar toda la ayuda posible a Siria en la fase de la reconstrucci\u00f3n, y su intenci\u00f3n de brindar ayuda a los afectados por el devastador terremoto ocurrido en febrero pasado.<\/p>\n<p style=\"text-align: justify\">A su vez, Al-Mekdad dijo que el pueblo sirio aprecia a Vietnam por su heroica firmeza y su legendaria victoria sobre la guerra de agresi\u00f3n estadounidense en el siglo pasado, algo que le dio una gran imagen ante los pueblos de los pa\u00edses en desarrollo.<\/p>\n<p style=\"text-align: justify\">Expres\u00f3 el profundo agradecimiento y la bienvenida de Siria por la ayuda de Vietnam y acogi\u00f3 con agrado la idea de beneficiarse de su experiencia en la reconstrucci\u00f3n.<\/p>\n<p style=\"text-align: justify\">Los dos ministros destacaron la necesidad de continuar las consultas y coordinaci\u00f3n conjuntas para fortalecer las relaciones bilaterales y seguir brindando apoyo mutuo en foros internacionales.<\/p>\n<p style=\"text-align: justify\">\n<p style=\"text-align: justify\">fm\/la<\/p>\n","protected":false},"excerpt":{"rendered":"<p>Damasco, 13 dic (SANA) El ministro de Asuntos Exteriores y Expatriados, Faisal Al-Mekdad, repas\u00f3 v\u00eda telef\u00f3nica con su hom\u00f3logo de Vietnam, Bui Thanh Son, las formas para mejorar las relaciones bilaterales entre los dos pa\u00edses amigos. El canciller de la naci\u00f3n asi\u00e1tica manifest\u00f3 el deseo de su pa\u00eds de fortalecer los v\u00ednculos bilaterales, y felicit\u00f3 &hellip;<\/p>\n","protected":false},"author":24,"featured_media":316746,"comment_status":"closed","ping_status":"closed","sticky":false,"template":"","format":"standard","meta":{"footnotes":""},"categories":[447,597,20724,448,467,583],"tags":[],"class_list":["post-316745","post","type-post","status-publish","format-standard","has-post-thumbnail","","category-local-politica","category-cinta-de-noticias","category-minuto-a-minuto","category-noticias","category-siria-y-el-mundo","category-slide"],"_links":{"self":[{"href":"https:\/\/archive.sana.sy\/es\/index.php?rest_route=\/wp\/v2\/posts\/316745"}],"collection":[{"href":"https:\/\/archive.sana.sy\/es\/index.php?rest_route=\/wp\/v2\/posts"}],"about":[{"href":"https:\/\/archive.sana.sy\/es\/index.php?rest_route=\/wp\/v2\/types\/post"}],"author":[{"embeddable":true,"href":"https:\/\/archive.sana.sy\/es\/index.php?rest_route=\/wp\/v2\/users\/24"}],"replies":[{"embeddable":true,"href":"https:\/\/archive.sana.sy\/es\/index.php?rest_route=%2Fwp%2Fv2%2Fcomments&post=316745"}],"version-history":[{"count":1,"href":"https:\/\/archive.sana.sy\/es\/index.php?rest_route=\/wp\/v2\/posts\/316745\/revisions"}],"predecessor-version":[{"id":316747,"href":"https:\/\/archive.sana.sy\/es\/index.php?rest_route=\/wp\/v2\/posts\/316745\/revisions\/316747"}],"wp:featuredmedia":[{"embeddable":true,"href":"https:\/\/archive.sana.sy\/es\/index.php?rest_route=\/wp\/v2\/media\/316746"}],"wp:attachment":[{"href":"https:\/\/archive.sana.sy\/es\/index.php?rest_route=%2Fwp%2Fv2%2Fmedia&parent=316745"}],"wp:term":[{"taxonomy":"category","embeddable":true,"href":"https:\/\/archive.sana.sy\/es\/index.php?rest_route=%2Fwp%2Fv2%2Fcategories&post=316745"},{"taxonomy":"post_tag","embeddable":true,"href":"https:\/\/archive.sana.sy\/es\/index.php?rest_route=%2Fwp%2Fv2%2Ftags&post=316745"}],"curies":[{"name":"wp","href":"https:\/\/api.w.org\/{rel}","templated":true}]}}