{"id":316752,"date":"2023-12-13T20:10:23","date_gmt":"2023-12-13T17:10:23","guid":{"rendered":"https:\/\/sana.sy\/es\/?p=316752"},"modified":"2023-12-13T20:10:27","modified_gmt":"2023-12-13T17:10:27","slug":"presidente-al-assad-se-reune-con-el-ministro-de-exteriores-de-la-republica-de-abjasia","status":"publish","type":"post","link":"https:\/\/archive.sana.sy\/es\/?p=316752","title":{"rendered":"Presidente Al-Assad recibe a Canciller abjasio"},"content":{"rendered":"<p style=\"text-align: justify\"><span style=\"color: #800000\"><strong>Damasco, 13 dic (SANA)<\/strong><\/span><\/p>\n<p style=\"text-align: justify\">El presidente Bashar Al-Assad, recibi\u00f3 hoy al ministro de Exteriores de la Rep\u00fablica de Abjasia, Inal Ardzinba, con quien abord\u00f3 una serie de asuntos de inter\u00e9s com\u00fan, incluidas las medidas efectivas para promover las relaciones bilaterales.<\/p>\n<p style=\"text-align: justify\">El mandatario destac\u00f3 que hoy en d\u00eda el mundo est\u00e1n mejor preparado para que se mueva hacia la adopci\u00f3n de pol\u00edticas patri\u00f3ticas independientes destinadas a fortalecer las alianzas internacionales existentes y crear nuevas coaliciones pol\u00edticas, econ\u00f3micas e intelectuales globales que gozan de un poder suficiente para hacer cara a la hegemon\u00eda occidental.<\/p>\n<p style=\"text-align: justify\">A su vez, el jefe de la diplomacia abjasio agradeci\u00f3 al presidente Al-Assad por el apoyo que brinda Damasco a Abjasia en los foros internacionales.<\/p>\n<p style=\"text-align: justify\">Enfatiz\u00f3 que el desarrollo de la cooperaci\u00f3n bilateral en los diferentes campos es uno de los objetivos m\u00e1s importantes de su visita a Siria.<\/p>\n<div id='gallery-1' class='gallery galleryid-316752 gallery-columns-1 gallery-size-large'><figure class='gallery-item'>\n\t\t\t<div class='gallery-icon landscape'>\n\t\t\t\t<a href='https:\/\/archive.sana.sy\/es\/wp-content\/uploads\/2023\/12\/Presidente-Bashar-al-Assad-con-el-Canciller-de-Abjasia-2.jpg'><img loading=\"lazy\" decoding=\"async\" width=\"618\" height=\"356\" src=\"https:\/\/archive.sana.sy\/es\/wp-content\/uploads\/2023\/12\/Presidente-Bashar-al-Assad-con-el-Canciller-de-Abjasia-2-1024x590.jpg\" class=\"attachment-large size-large\" alt=\"\" srcset=\"https:\/\/archive.sana.sy\/es\/wp-content\/uploads\/2023\/12\/Presidente-Bashar-al-Assad-con-el-Canciller-de-Abjasia-2-1024x590.jpg 1024w, https:\/\/archive.sana.sy\/es\/wp-content\/uploads\/2023\/12\/Presidente-Bashar-al-Assad-con-el-Canciller-de-Abjasia-2-300x173.jpg 300w, https:\/\/archive.sana.sy\/es\/wp-content\/uploads\/2023\/12\/Presidente-Bashar-al-Assad-con-el-Canciller-de-Abjasia-2-150x86.jpg 150w, https:\/\/archive.sana.sy\/es\/wp-content\/uploads\/2023\/12\/Presidente-Bashar-al-Assad-con-el-Canciller-de-Abjasia-2-768x442.jpg 768w, https:\/\/archive.sana.sy\/es\/wp-content\/uploads\/2023\/12\/Presidente-Bashar-al-Assad-con-el-Canciller-de-Abjasia-2.jpg 1200w\" sizes=\"(max-width: 618px) 100vw, 618px\" \/><\/a>\n\t\t\t<\/div><\/figure>\n\t\t<\/div>\n\n<p style=\"text-align: justify\">la\/fm<\/p>\n","protected":false},"excerpt":{"rendered":"<p>Damasco, 13 dic (SANA) El presidente Bashar Al-Assad, recibi\u00f3 hoy al ministro de Exteriores de la Rep\u00fablica de Abjasia, Inal Ardzinba, con quien abord\u00f3 una serie de asuntos de inter\u00e9s com\u00fan, incluidas las medidas efectivas para promover las relaciones bilaterales. El mandatario destac\u00f3 que hoy en d\u00eda el mundo est\u00e1n mejor preparado para que se &hellip;<\/p>\n","protected":false},"author":24,"featured_media":316754,"comment_status":"closed","ping_status":"closed","sticky":false,"template":"","format":"standard","meta":{"footnotes":""},"categories":[447,597,20724,448,16237,583,626],"tags":[12064,6553],"class_list":["post-316752","post","type-post","status-publish","format-standard","has-post-thumbnail","","category-local-politica","category-cinta-de-noticias","category-minuto-a-minuto","category-noticias","category-presidence-de-la-republique-arabe-syria","category-slide","category-sr-presidente","tag-abjasia","tag-siria"],"_links":{"self":[{"href":"https:\/\/archive.sana.sy\/es\/index.php?rest_route=\/wp\/v2\/posts\/316752"}],"collection":[{"href":"https:\/\/archive.sana.sy\/es\/index.php?rest_route=\/wp\/v2\/posts"}],"about":[{"href":"https:\/\/archive.sana.sy\/es\/index.php?rest_route=\/wp\/v2\/types\/post"}],"author":[{"embeddable":true,"href":"https:\/\/archive.sana.sy\/es\/index.php?rest_route=\/wp\/v2\/users\/24"}],"replies":[{"embeddable":true,"href":"https:\/\/archive.sana.sy\/es\/index.php?rest_route=%2Fwp%2Fv2%2Fcomments&post=316752"}],"version-history":[{"count":8,"href":"https:\/\/archive.sana.sy\/es\/index.php?rest_route=\/wp\/v2\/posts\/316752\/revisions"}],"predecessor-version":[{"id":316774,"href":"https:\/\/archive.sana.sy\/es\/index.php?rest_route=\/wp\/v2\/posts\/316752\/revisions\/316774"}],"wp:featuredmedia":[{"embeddable":true,"href":"https:\/\/archive.sana.sy\/es\/index.php?rest_route=\/wp\/v2\/media\/316754"}],"wp:attachment":[{"href":"https:\/\/archive.sana.sy\/es\/index.php?rest_route=%2Fwp%2Fv2%2Fmedia&parent=316752"}],"wp:term":[{"taxonomy":"category","embeddable":true,"href":"https:\/\/archive.sana.sy\/es\/index.php?rest_route=%2Fwp%2Fv2%2Fcategories&post=316752"},{"taxonomy":"post_tag","embeddable":true,"href":"https:\/\/archive.sana.sy\/es\/index.php?rest_route=%2Fwp%2Fv2%2Ftags&post=316752"}],"curies":[{"name":"wp","href":"https:\/\/api.w.org\/{rel}","templated":true}]}}