{"id":31676,"date":"2015-10-16T17:14:06","date_gmt":"2015-10-16T14:14:06","guid":{"rendered":"http:\/\/sana.sy\/es\/?p=31676"},"modified":"2015-10-16T17:14:06","modified_gmt":"2015-10-16T14:14:06","slug":"mueren-dos-palestino-por-disparos-de-fuerzas-israelies","status":"publish","type":"post","link":"https:\/\/archive.sana.sy\/es\/?p=31676","title":{"rendered":"Mueren dos palestino por disparos de fuerzas israel\u00edes"},"content":{"rendered":"<p style=\"text-align: justify\"><span style=\"color: #800000\">Jerusal\u00e9n ocupada, SANA<\/span>&#8211; Dos palestinos cayeron muertos y nueve resultaron heridos durante enfrentamientos con fuerzas del gobierno de Israel en la ocupada Cisjordania.<\/p>\n<p style=\"text-align: justify\">La agencia palestina Maan inform\u00f3 que soldados sionistas dispararon gases lacrim\u00f3genos, balas de goma y munici\u00f3n real contra decenas de j\u00f3venes palestinos que retomaron las protestas contra la brutalidad israel\u00ed en una localidad cerca de la ciudad cisjordana de Bel\u00e9n.<\/p>\n<p style=\"text-align: justify\">Tambi\u00e9n se registraron similares choques cerca de la frontera de Gaza con los territorios ocupados palestinos, con un saldo de decenas de palestinos heridos.<\/p>\n<p style=\"text-align: justify\">Entre otros hechos de violencia, se report\u00f3 que dos j\u00f3venes palestinos murieron despu\u00e9s de ejecutar ataques con armas blancas en Jerusal\u00e9n ocupada.<\/p>\n<p style=\"text-align: justify\">Medios de prensa report\u00f3 otro acuchillamiento en el barrio de Bab al Amoud, donde un joven palestino atac\u00f3 a elementos de la guardia fronteriza.<\/p>\n<p style=\"text-align: justify\">Por otra parte, el Consejo de Seguridad de las Naciones Unidas (CSNU) celebrar\u00e1 este viernes una reuni\u00f3n de emergencia sobre la escalada de violencia del r\u00e9gimen israel\u00ed contra los palestinos.<\/p>\n<p style=\"text-align: justify\">La sesi\u00f3n, programada para hoy a las 11:00 hora local (15:00 GMT), fue solicitada por Jordania, miembro no permanente del CSNU, tras un encuentro de los embajadores \u00e1rabes que advirtieron de la escalada del conflicto en la ocupada Cisjordania, Al-Quds (Jerusal\u00e9n) y la Franja de Gaza.<\/p>\n<p style=\"text-align: justify\">El embajador palestino ante la Organizaci\u00f3n de las Naciones Unidas (ONU), Riad Mansur, calific\u00f3 de \u201cmuy explosiva\u201d la situaci\u00f3n en las mencionadas zonas e hizo un llamamiento al CSNU a \u201casumir su responsabilidad\u201d y terminar con la violencia.<\/p>\n<p style=\"text-align: justify\">Desde el pasado 1 de octubre, decenas de palestinos han perdido la vida y m\u00e1s de 3730 han resultado heridos a causa de los ataques perpetrados por las fuerzas israel\u00edes en la ciudad de Al-Quds y la Franja de Gaza.<\/p>\n<p>M.Miri<\/p>\n","protected":false},"excerpt":{"rendered":"<p>Jerusal\u00e9n ocupada, SANA&#8211; Dos palestinos cayeron muertos y nueve resultaron heridos durante enfrentamientos con fuerzas del gobierno de Israel en la ocupada Cisjordania. La agencia palestina Maan inform\u00f3 que soldados sionistas dispararon gases lacrim\u00f3genos, balas de goma y munici\u00f3n real contra decenas de j\u00f3venes palestinos que retomaron las protestas contra la brutalidad israel\u00ed en una &hellip;<\/p>\n","protected":false},"author":1,"featured_media":31677,"comment_status":"closed","ping_status":"closed","sticky":false,"template":"","format":"standard","meta":{"footnotes":""},"categories":[456,457],"tags":[7062],"class_list":["post-31676","post","type-post","status-publish","format-standard","has-post-thumbnail","","category-arabe-internacional-politica","category-noticias-arabe-internacional-politica","tag-mueren-dos-palestino-por-disparos-de-fuerzas-israelies"],"_links":{"self":[{"href":"https:\/\/archive.sana.sy\/es\/index.php?rest_route=\/wp\/v2\/posts\/31676"}],"collection":[{"href":"https:\/\/archive.sana.sy\/es\/index.php?rest_route=\/wp\/v2\/posts"}],"about":[{"href":"https:\/\/archive.sana.sy\/es\/index.php?rest_route=\/wp\/v2\/types\/post"}],"author":[{"embeddable":true,"href":"https:\/\/archive.sana.sy\/es\/index.php?rest_route=\/wp\/v2\/users\/1"}],"replies":[{"embeddable":true,"href":"https:\/\/archive.sana.sy\/es\/index.php?rest_route=%2Fwp%2Fv2%2Fcomments&post=31676"}],"version-history":[{"count":0,"href":"https:\/\/archive.sana.sy\/es\/index.php?rest_route=\/wp\/v2\/posts\/31676\/revisions"}],"wp:featuredmedia":[{"embeddable":true,"href":"https:\/\/archive.sana.sy\/es\/index.php?rest_route=\/wp\/v2\/media\/31677"}],"wp:attachment":[{"href":"https:\/\/archive.sana.sy\/es\/index.php?rest_route=%2Fwp%2Fv2%2Fmedia&parent=31676"}],"wp:term":[{"taxonomy":"category","embeddable":true,"href":"https:\/\/archive.sana.sy\/es\/index.php?rest_route=%2Fwp%2Fv2%2Fcategories&post=31676"},{"taxonomy":"post_tag","embeddable":true,"href":"https:\/\/archive.sana.sy\/es\/index.php?rest_route=%2Fwp%2Fv2%2Ftags&post=31676"}],"curies":[{"name":"wp","href":"https:\/\/api.w.org\/{rel}","templated":true}]}}