{"id":316775,"date":"2023-12-13T20:20:38","date_gmt":"2023-12-13T17:20:38","guid":{"rendered":"https:\/\/sana.sy\/es\/?p=316775"},"modified":"2023-12-13T20:20:38","modified_gmt":"2023-12-13T17:20:38","slug":"centro-de-satelites-de-la-onu-el-18-de-las-estructuras-en-gaza-fueron-danadas","status":"publish","type":"post","link":"https:\/\/archive.sana.sy\/es\/?p=316775","title":{"rendered":"Centro de Sat\u00e9lites de la ONU: el 18 % de las estructuras en Gaza fueron da\u00f1adas"},"content":{"rendered":"<p style=\"text-align: justify\"><span style=\"color: #800000\"><strong>Nueva York, 13 dic (SANA)<\/strong><\/span> El Centro de Sat\u00e9lites de las Naciones Unidas (Unosat) revel\u00f3 que el 18 % del total de las estructuras en la Franja de Gaza han resultado da\u00f1adas como consecuencia de la agresi\u00f3n de &#8220;Israel&#8221; a este enclave palestino.<\/p>\n<p style=\"text-align: justify\">Los datos basados en un an\u00e1lisis de im\u00e1genes satelitales del 26 de noviembre muestran que 10.049 estructuras han sido destruidas, 8.243 presentan graves da\u00f1os y 19.087 han sufrido un deterioro moderado.<\/p>\n<p style=\"text-align: justify\">El reporte muestra un incremento del 49 % de las edificaciones afectadas con respecto a la \u00faltima evaluaci\u00f3n realizada el 7 de noviembre.<\/p>\n<p style=\"text-align: justify\">Seg\u00fan datos del Ministerio de Salud palestino, el n\u00famero de muertos a consecuencia de los bombardeos israel\u00edes contra la Franja de Gaza aument\u00f3 a 18.608, mientras otras 50.594 personas han resultado heridas.<\/p>\n<p style=\"text-align: justify\">\n<p style=\"text-align: justify\">fm\/la<\/p>\n","protected":false},"excerpt":{"rendered":"<p>Nueva York, 13 dic (SANA) El Centro de Sat\u00e9lites de las Naciones Unidas (Unosat) revel\u00f3 que el 18 % del total de las estructuras en la Franja de Gaza han resultado da\u00f1adas como consecuencia de la agresi\u00f3n de &#8220;Israel&#8221; a este enclave palestino. Los datos basados en un an\u00e1lisis de im\u00e1genes satelitales del 26 de &hellip;<\/p>\n","protected":false},"author":24,"featured_media":316776,"comment_status":"closed","ping_status":"closed","sticky":false,"template":"","format":"standard","meta":{"footnotes":""},"categories":[597,456,16687,20724,7541],"tags":[],"class_list":["post-316775","post","type-post","status-publish","format-standard","has-post-thumbnail","","category-cinta-de-noticias","category-arabe-internacional-politica","category-internacionales","category-minuto-a-minuto","category-ultimas-noticias"],"_links":{"self":[{"href":"https:\/\/archive.sana.sy\/es\/index.php?rest_route=\/wp\/v2\/posts\/316775"}],"collection":[{"href":"https:\/\/archive.sana.sy\/es\/index.php?rest_route=\/wp\/v2\/posts"}],"about":[{"href":"https:\/\/archive.sana.sy\/es\/index.php?rest_route=\/wp\/v2\/types\/post"}],"author":[{"embeddable":true,"href":"https:\/\/archive.sana.sy\/es\/index.php?rest_route=\/wp\/v2\/users\/24"}],"replies":[{"embeddable":true,"href":"https:\/\/archive.sana.sy\/es\/index.php?rest_route=%2Fwp%2Fv2%2Fcomments&post=316775"}],"version-history":[{"count":1,"href":"https:\/\/archive.sana.sy\/es\/index.php?rest_route=\/wp\/v2\/posts\/316775\/revisions"}],"predecessor-version":[{"id":316777,"href":"https:\/\/archive.sana.sy\/es\/index.php?rest_route=\/wp\/v2\/posts\/316775\/revisions\/316777"}],"wp:featuredmedia":[{"embeddable":true,"href":"https:\/\/archive.sana.sy\/es\/index.php?rest_route=\/wp\/v2\/media\/316776"}],"wp:attachment":[{"href":"https:\/\/archive.sana.sy\/es\/index.php?rest_route=%2Fwp%2Fv2%2Fmedia&parent=316775"}],"wp:term":[{"taxonomy":"category","embeddable":true,"href":"https:\/\/archive.sana.sy\/es\/index.php?rest_route=%2Fwp%2Fv2%2Fcategories&post=316775"},{"taxonomy":"post_tag","embeddable":true,"href":"https:\/\/archive.sana.sy\/es\/index.php?rest_route=%2Fwp%2Fv2%2Ftags&post=316775"}],"curies":[{"name":"wp","href":"https:\/\/api.w.org\/{rel}","templated":true}]}}