{"id":316778,"date":"2023-12-14T06:19:41","date_gmt":"2023-12-14T03:19:41","guid":{"rendered":"https:\/\/sana.sy\/es\/?p=316778"},"modified":"2023-12-14T06:19:41","modified_gmt":"2023-12-14T03:19:41","slug":"espana-pide-unidad-en-ue-para-reconocer-a-estado-palestino","status":"publish","type":"post","link":"https:\/\/archive.sana.sy\/es\/?p=316778","title":{"rendered":"Espa\u00f1a pide unidad en UE para reconocer a Estado palestino"},"content":{"rendered":"<p style=\"text-align: justify;\"><span style=\"color: #800000;\"><strong>Estrasburgo &#8211; Francia, 14 dic (SANA)<\/strong> <\/span>El presidente del Gobierno espa\u00f1ol, Pedro S\u00e1nchez, abog\u00f3 por el reconocimiento al Estado palestino y exigi\u00f3 el cese inmediato de los bombardeos israel\u00edes contra la Franja de Gaza.<\/p>\n<p>Al intervenir en un debate del Parlamento Europeo en la ciudad francesa de Estrasburgo, el mandatario consider\u00f3 que Europa debe contribuir activamente a la b\u00fasqueda de una salida definitiva e integral del conflicto palestino-israel\u00ed, la cual pasa por la soluci\u00f3n de dos Estados.<\/p>\n<p style=\"text-align: justify;\">Eso implica reconocer la existencia de un Estado palestino que conviva en paz y seguridad junto al de Israel, subray\u00f3 citado por la agencia Prensa Latina.<\/p>\n<p style=\"text-align: justify;\">S\u00e1nchez reiter\u00f3 su reclamo del fin de las agresiones contra Gaza, sometida a m\u00e1s de dos meses de bombardeos indiscriminados y de un bloqueo total que agudiza la crisis humanitaria en el enclave costero, uno de los m\u00e1s densamente poblados del mundo.<\/p>\n<p style=\"text-align: justify;\">De acuerdo con el dirigente espa\u00f1ol, lleg\u00f3 la hora de pronunciarse con claridad y unidad sobre el cese de la masacre israel\u00ed en Gaza, si queremos que el mundo nos respete como un actor geopol\u00edtico consecuente y relevante y que nuestros pa\u00edses y ciudadanos se sientan orgullosos de nuestras acciones.<\/p>\n<p style=\"text-align: justify;\">Tambi\u00e9n el eurodiputado espa\u00f1ol Manu Pineda intervino en el debate, para denunciar los cr\u00edmenes de Israel y demandar que termine la complicidad con sus acciones.<\/p>\n<p style=\"text-align: justify;\">En Gaza no solo mueren ni\u00f1os, all\u00ed est\u00e1 muriendo el Derecho Internacional y tenemos que hacer algo, advirti\u00f3.<\/p>\n<p style=\"text-align: justify;\">fm<\/p>\n","protected":false},"excerpt":{"rendered":"<p>Estrasburgo &#8211; Francia, 14 dic (SANA) El presidente del Gobierno espa\u00f1ol, Pedro S\u00e1nchez, abog\u00f3 por el reconocimiento al Estado palestino y exigi\u00f3 el cese inmediato de los bombardeos israel\u00edes contra la Franja de Gaza. Al intervenir en un debate del Parlamento Europeo en la ciudad francesa de Estrasburgo, el mandatario consider\u00f3 que Europa debe contribuir &hellip;<\/p>\n","protected":false},"author":34,"featured_media":316779,"comment_status":"closed","ping_status":"closed","sticky":false,"template":"","format":"standard","meta":{"footnotes":""},"categories":[597,456,20724,7541],"tags":[],"class_list":["post-316778","post","type-post","status-publish","format-standard","has-post-thumbnail","","category-cinta-de-noticias","category-arabe-internacional-politica","category-minuto-a-minuto","category-ultimas-noticias"],"_links":{"self":[{"href":"https:\/\/archive.sana.sy\/es\/index.php?rest_route=\/wp\/v2\/posts\/316778"}],"collection":[{"href":"https:\/\/archive.sana.sy\/es\/index.php?rest_route=\/wp\/v2\/posts"}],"about":[{"href":"https:\/\/archive.sana.sy\/es\/index.php?rest_route=\/wp\/v2\/types\/post"}],"author":[{"embeddable":true,"href":"https:\/\/archive.sana.sy\/es\/index.php?rest_route=\/wp\/v2\/users\/34"}],"replies":[{"embeddable":true,"href":"https:\/\/archive.sana.sy\/es\/index.php?rest_route=%2Fwp%2Fv2%2Fcomments&post=316778"}],"version-history":[{"count":1,"href":"https:\/\/archive.sana.sy\/es\/index.php?rest_route=\/wp\/v2\/posts\/316778\/revisions"}],"predecessor-version":[{"id":316780,"href":"https:\/\/archive.sana.sy\/es\/index.php?rest_route=\/wp\/v2\/posts\/316778\/revisions\/316780"}],"wp:featuredmedia":[{"embeddable":true,"href":"https:\/\/archive.sana.sy\/es\/index.php?rest_route=\/wp\/v2\/media\/316779"}],"wp:attachment":[{"href":"https:\/\/archive.sana.sy\/es\/index.php?rest_route=%2Fwp%2Fv2%2Fmedia&parent=316778"}],"wp:term":[{"taxonomy":"category","embeddable":true,"href":"https:\/\/archive.sana.sy\/es\/index.php?rest_route=%2Fwp%2Fv2%2Fcategories&post=316778"},{"taxonomy":"post_tag","embeddable":true,"href":"https:\/\/archive.sana.sy\/es\/index.php?rest_route=%2Fwp%2Fv2%2Ftags&post=316778"}],"curies":[{"name":"wp","href":"https:\/\/api.w.org\/{rel}","templated":true}]}}