{"id":316781,"date":"2023-12-14T06:29:30","date_gmt":"2023-12-14T03:29:30","guid":{"rendered":"https:\/\/sana.sy\/es\/?p=316781"},"modified":"2023-12-14T06:29:30","modified_gmt":"2023-12-14T03:29:30","slug":"la-onu-un-alto-el-fuego-en-gaza-es-el-unico-camino-a-seguir","status":"publish","type":"post","link":"https:\/\/archive.sana.sy\/es\/?p=316781","title":{"rendered":"La ONU: Un alto el fuego en Gaza es el \u00fanico camino a seguir"},"content":{"rendered":"<blockquote>\n<p style=\"text-align: justify;\"><span style=\"color: #993300;\"><strong>Israel, en su calidad de Potencia ocupante, es responsable de la protecci\u00f3n de los civiles palestinos en el enclave, debe notar sus necesidades b\u00e1sicas y garantizar el acceso a la ayuda sin trabas, insisti\u00f3 Lynn Hastings, coordinadora residente de la ONU en Gaza.<\/strong><\/span><\/p>\n<\/blockquote>\n<p style=\"text-align: justify;\"><span style=\"color: #800000;\"><strong>Nueva York, 14 dic (SANA)<\/strong><\/span> Lynn Hastings, coordinadora residente de la ONU en Gaza, dijo hoy que un alto el fuego es el \u00fanico camino a seguir para garantizar la paz.<\/p>\n<p style=\"text-align: justify;\">La funcionaria advirti\u00f3 que la intensificaci\u00f3n de los bombardeos sionistas empuj\u00f3 a casi la mitad de la poblaci\u00f3n de la Franja -cerca de un mill\u00f3n de personas-, a Rafah, en el sur, agravando la crisis de salud y hambre.<\/p>\n<p style=\"text-align: justify;\">Alert\u00f3 que en Gaza las enfermedades infecciosas se est\u00e1n propagando, menos de un tercio de todos los hospitales funcionan parcialmente, los refugios han excedido hace mucho tiempo su capacidad y la gran mayor\u00eda de las personas no tienen suficiente comida o agua.<\/p>\n<p style=\"text-align: justify;\">De acuerdo con estimaciones del Programa Mundial de Alimentos, casi la mitad de los palestinos del norte y un tercio en el sur est\u00e1 experimentando diferentes niveles de hambre.<\/p>\n<p style=\"text-align: justify;\">&#8220;Israel&#8221;, en su calidad de Potencia ocupante, es responsable de la protecci\u00f3n de los civiles palestinos en el enclave, debe notar sus necesidades b\u00e1sicas y garantizar el acceso a la ayuda sin trabas, insisti\u00f3.<\/p>\n<p style=\"text-align: justify;\">fm<\/p>\n","protected":false},"excerpt":{"rendered":"<p>Israel, en su calidad de Potencia ocupante, es responsable de la protecci\u00f3n de los civiles palestinos en el enclave, debe notar sus necesidades b\u00e1sicas y garantizar el acceso a la ayuda sin trabas, insisti\u00f3 Lynn Hastings, coordinadora residente de la ONU en Gaza. Nueva York, 14 dic (SANA) Lynn Hastings, coordinadora residente de la ONU &hellip;<\/p>\n","protected":false},"author":34,"featured_media":316782,"comment_status":"closed","ping_status":"closed","sticky":false,"template":"","format":"standard","meta":{"footnotes":""},"categories":[597,456,20724,7541],"tags":[],"class_list":["post-316781","post","type-post","status-publish","format-standard","has-post-thumbnail","","category-cinta-de-noticias","category-arabe-internacional-politica","category-minuto-a-minuto","category-ultimas-noticias"],"_links":{"self":[{"href":"https:\/\/archive.sana.sy\/es\/index.php?rest_route=\/wp\/v2\/posts\/316781"}],"collection":[{"href":"https:\/\/archive.sana.sy\/es\/index.php?rest_route=\/wp\/v2\/posts"}],"about":[{"href":"https:\/\/archive.sana.sy\/es\/index.php?rest_route=\/wp\/v2\/types\/post"}],"author":[{"embeddable":true,"href":"https:\/\/archive.sana.sy\/es\/index.php?rest_route=\/wp\/v2\/users\/34"}],"replies":[{"embeddable":true,"href":"https:\/\/archive.sana.sy\/es\/index.php?rest_route=%2Fwp%2Fv2%2Fcomments&post=316781"}],"version-history":[{"count":1,"href":"https:\/\/archive.sana.sy\/es\/index.php?rest_route=\/wp\/v2\/posts\/316781\/revisions"}],"predecessor-version":[{"id":316783,"href":"https:\/\/archive.sana.sy\/es\/index.php?rest_route=\/wp\/v2\/posts\/316781\/revisions\/316783"}],"wp:featuredmedia":[{"embeddable":true,"href":"https:\/\/archive.sana.sy\/es\/index.php?rest_route=\/wp\/v2\/media\/316782"}],"wp:attachment":[{"href":"https:\/\/archive.sana.sy\/es\/index.php?rest_route=%2Fwp%2Fv2%2Fmedia&parent=316781"}],"wp:term":[{"taxonomy":"category","embeddable":true,"href":"https:\/\/archive.sana.sy\/es\/index.php?rest_route=%2Fwp%2Fv2%2Fcategories&post=316781"},{"taxonomy":"post_tag","embeddable":true,"href":"https:\/\/archive.sana.sy\/es\/index.php?rest_route=%2Fwp%2Fv2%2Ftags&post=316781"}],"curies":[{"name":"wp","href":"https:\/\/api.w.org\/{rel}","templated":true}]}}