{"id":316784,"date":"2023-12-14T06:39:06","date_gmt":"2023-12-14T03:39:06","guid":{"rendered":"https:\/\/sana.sy\/es\/?p=316784"},"modified":"2023-12-14T06:39:25","modified_gmt":"2023-12-14T03:39:25","slug":"bombardeo-israeli-mata-a-dos-personas-en-el-sur-del-libano","status":"publish","type":"post","link":"https:\/\/archive.sana.sy\/es\/?p=316784","title":{"rendered":"Bombardeo israel\u00ed mata a dos personas en el sur del L\u00edbano"},"content":{"rendered":"<p style=\"text-align: justify;\"><span style=\"color: #800000;\"><strong>Beirut, 14 dic (SANA)\u00a0<\/strong> <\/span>Dos libaneses perdieron la vida y otro result\u00f3 herido en un ataque de un avi\u00f3n de combate israel\u00ed contra una casa en la ciudad de Yater, al sur del L\u00edbano.<\/p>\n<p style=\"text-align: justify;\">La Agencia Nacional de Noticias de L\u00edbano inform\u00f3 que el avi\u00f3n atac\u00f3 una vivienda en Yater, zona de Bint Jbeil, en el sur del L\u00edbano, lo que provoc\u00f3 la muerte de dos ciudadanos libaneses y heridas a otro.<\/p>\n<p style=\"text-align: justify;\">La v\u00edspera, un liban\u00e9s pereci\u00f3 como consecuencia de un bombardeo del ocupante israel\u00ed a su casa en la zona de Baidar al-Faqaani, situada en la localidad de Taybeh, al sur de esta naci\u00f3n levantina.<\/p>\n<p style=\"text-align: justify;\">fm<\/p>\n","protected":false},"excerpt":{"rendered":"<p>Beirut, 14 dic (SANA)\u00a0 Dos libaneses perdieron la vida y otro result\u00f3 herido en un ataque de un avi\u00f3n de combate israel\u00ed contra una casa en la ciudad de Yater, al sur del L\u00edbano. La Agencia Nacional de Noticias de L\u00edbano inform\u00f3 que el avi\u00f3n atac\u00f3 una vivienda en Yater, zona de Bint Jbeil, en &hellip;<\/p>\n","protected":false},"author":34,"featured_media":316785,"comment_status":"closed","ping_status":"closed","sticky":false,"template":"","format":"standard","meta":{"footnotes":""},"categories":[597,456,20724,7541],"tags":[],"class_list":["post-316784","post","type-post","status-publish","format-standard","has-post-thumbnail","","category-cinta-de-noticias","category-arabe-internacional-politica","category-minuto-a-minuto","category-ultimas-noticias"],"_links":{"self":[{"href":"https:\/\/archive.sana.sy\/es\/index.php?rest_route=\/wp\/v2\/posts\/316784"}],"collection":[{"href":"https:\/\/archive.sana.sy\/es\/index.php?rest_route=\/wp\/v2\/posts"}],"about":[{"href":"https:\/\/archive.sana.sy\/es\/index.php?rest_route=\/wp\/v2\/types\/post"}],"author":[{"embeddable":true,"href":"https:\/\/archive.sana.sy\/es\/index.php?rest_route=\/wp\/v2\/users\/34"}],"replies":[{"embeddable":true,"href":"https:\/\/archive.sana.sy\/es\/index.php?rest_route=%2Fwp%2Fv2%2Fcomments&post=316784"}],"version-history":[{"count":2,"href":"https:\/\/archive.sana.sy\/es\/index.php?rest_route=\/wp\/v2\/posts\/316784\/revisions"}],"predecessor-version":[{"id":316787,"href":"https:\/\/archive.sana.sy\/es\/index.php?rest_route=\/wp\/v2\/posts\/316784\/revisions\/316787"}],"wp:featuredmedia":[{"embeddable":true,"href":"https:\/\/archive.sana.sy\/es\/index.php?rest_route=\/wp\/v2\/media\/316785"}],"wp:attachment":[{"href":"https:\/\/archive.sana.sy\/es\/index.php?rest_route=%2Fwp%2Fv2%2Fmedia&parent=316784"}],"wp:term":[{"taxonomy":"category","embeddable":true,"href":"https:\/\/archive.sana.sy\/es\/index.php?rest_route=%2Fwp%2Fv2%2Fcategories&post=316784"},{"taxonomy":"post_tag","embeddable":true,"href":"https:\/\/archive.sana.sy\/es\/index.php?rest_route=%2Fwp%2Fv2%2Ftags&post=316784"}],"curies":[{"name":"wp","href":"https:\/\/api.w.org\/{rel}","templated":true}]}}