{"id":31679,"date":"2015-10-16T17:36:10","date_gmt":"2015-10-16T14:36:10","guid":{"rendered":"http:\/\/sana.sy\/es\/?p=31679"},"modified":"2015-10-17T14:49:08","modified_gmt":"2015-10-17T11:49:08","slug":"fuerza-aerea-de-siria-conmemora-su-69o-aniversario","status":"publish","type":"post","link":"https:\/\/archive.sana.sy\/es\/?p=31679","title":{"rendered":"Fuerza A\u00e9rea de Siria conmemora su 69\u00ba aniversario"},"content":{"rendered":"<p style=\"text-align: justify\"><span style=\"color: #800000\">Damasco, SANA<\/span>&#8211; La Fuerza A\u00e9rea Siria conmemora el 16 de octubre el aniversario de su nacimiento, la instituci\u00f3n, desde sus or\u00edgenes, tiene como misi\u00f3n espec\u00edfica organizar, mantener y alistar las fuerzas a\u00e9reas de la Naci\u00f3n, con el fin de contribuir a la defensa nacional, ejerciendo la soberan\u00eda en el espacio a\u00e9reo.<\/p>\n<p style=\"text-align: justify\">Por otro lado, la Fuerza A\u00e9rea, a trav\u00e9s de sus Institutos de Formaci\u00f3n, a lo largo de los a\u00f1os, prepara y perfecciona a su personal, revalorizando el sentido de la vocaci\u00f3n, de modo tal que todos sus integrantes asuman la responsabilidad de contribuir al cumplimiento de los altos y exigentes objetivos de la instituci\u00f3n.<\/p>\n<p style=\"text-align: justify\">A pesar de los ataques de las organizaciones terroristas no se ha disminuido la capacidad de la Fuerza A\u00e9rea para atacar a las organizaciones terroristas en sus fortalezas y socavar sus capacidades y proporcionar apoyo a\u00e9reo a las tropas terrestres durante el transcurso de las batallas donde nuestros h\u00e9roes pilotos realizan cientos de \u00a0sobrevuelos destruyendo cientos de objetivos y blancos de los terroristas.<\/p>\n<p>M.Miri<\/p>\n","protected":false},"excerpt":{"rendered":"<p>Damasco, SANA&#8211; La Fuerza A\u00e9rea Siria conmemora el 16 de octubre el aniversario de su nacimiento, la instituci\u00f3n, desde sus or\u00edgenes, tiene como misi\u00f3n espec\u00edfica organizar, mantener y alistar las fuerzas a\u00e9reas de la Naci\u00f3n, con el fin de contribuir a la defensa nacional, ejerciendo la soberan\u00eda en el espacio a\u00e9reo. Por otro lado, la &hellip;<\/p>\n","protected":false},"author":1,"featured_media":31680,"comment_status":"closed","ping_status":"closed","sticky":false,"template":"","format":"standard","meta":{"footnotes":""},"categories":[477,476],"tags":[7063],"class_list":["post-31679","post","type-post","status-publish","format-standard","has-post-thumbnail","","category-noticias-edulcorantes","category-locales","tag-fuerza-aerea-de-siria-conmemora-su-69o-aniversario"],"_links":{"self":[{"href":"https:\/\/archive.sana.sy\/es\/index.php?rest_route=\/wp\/v2\/posts\/31679"}],"collection":[{"href":"https:\/\/archive.sana.sy\/es\/index.php?rest_route=\/wp\/v2\/posts"}],"about":[{"href":"https:\/\/archive.sana.sy\/es\/index.php?rest_route=\/wp\/v2\/types\/post"}],"author":[{"embeddable":true,"href":"https:\/\/archive.sana.sy\/es\/index.php?rest_route=\/wp\/v2\/users\/1"}],"replies":[{"embeddable":true,"href":"https:\/\/archive.sana.sy\/es\/index.php?rest_route=%2Fwp%2Fv2%2Fcomments&post=31679"}],"version-history":[{"count":0,"href":"https:\/\/archive.sana.sy\/es\/index.php?rest_route=\/wp\/v2\/posts\/31679\/revisions"}],"wp:featuredmedia":[{"embeddable":true,"href":"https:\/\/archive.sana.sy\/es\/index.php?rest_route=\/wp\/v2\/media\/31680"}],"wp:attachment":[{"href":"https:\/\/archive.sana.sy\/es\/index.php?rest_route=%2Fwp%2Fv2%2Fmedia&parent=31679"}],"wp:term":[{"taxonomy":"category","embeddable":true,"href":"https:\/\/archive.sana.sy\/es\/index.php?rest_route=%2Fwp%2Fv2%2Fcategories&post=31679"},{"taxonomy":"post_tag","embeddable":true,"href":"https:\/\/archive.sana.sy\/es\/index.php?rest_route=%2Fwp%2Fv2%2Ftags&post=31679"}],"curies":[{"name":"wp","href":"https:\/\/api.w.org\/{rel}","templated":true}]}}