{"id":316840,"date":"2023-12-14T16:44:40","date_gmt":"2023-12-14T13:44:40","guid":{"rendered":"https:\/\/sana.sy\/es\/?p=316840"},"modified":"2023-12-14T17:20:58","modified_gmt":"2023-12-14T14:20:58","slug":"siria-algunos-paises-occidentales-obstaculizan-el-retorno-de-los-refugiados-sirios-a-su-patria","status":"publish","type":"post","link":"https:\/\/archive.sana.sy\/es\/?p=316840","title":{"rendered":"Siria: algunos pa\u00edses occidentales obstaculizan el retorno de los refugiados sirios a su patria"},"content":{"rendered":"<p style=\"text-align: justify;\"><span style=\"color: #800000;\"><strong>Ginebra, 14 dic (SANA)\u00a0<\/strong><\/span>El viceministro de Asuntos Exteriores y Expatriados, Bassam Sabbagh, afirm\u00f3 que el retorno de los refugiados sirios a su patria representa un objetivo fundamental del gobierno sirio que ha tomado medidas y facilidades al respecto.<\/p>\n<p style=\"text-align: justify;\">En un discurso durante el Segundo Foro Mundial sobre Refugiados en Ginebra, el diplom\u00e1tico indic\u00f3 que algunos pa\u00edses occidentales son los principales culpables de impedir este regreso al seguir explotando este asunto humanitario con fines pol\u00edticos.<\/p>\n<p style=\"text-align: justify;\">\u201cSiria, desde principios de 2011, ha enfrentado a una guerra terrorista cuyo objetivo ha sido desestabilizar su seguridad y destruir los logros del pa\u00eds, lo que caus\u00f3 el desplazamiento de miles de sirios, mientras el bloqueo econ\u00f3mico y las sanciones contribuyeron al aumento de los n\u00fameros de refugiados\u201d, dijo Sabbagh.<\/p>\n<p style=\"text-align: justify;\">Enfatiz\u00f3 que el regreso de los desplazados a su patria representa un objetivo fundamental para el Estado sirio que realiz\u00f3 esfuerzos en este sentido, incluido el restablecimiento de la estabilidad, las reconciliaciones locales y tomar medidas y facilidades que aseguran un retorno digno.<\/p>\n<p style=\"text-align: justify;\">Seg\u00fan el diplom\u00e1tico, es necesario poner fin a las pr\u00e1cticas discriminatorias y los discursos de odio contra los refugiados sirios en algunos pa\u00edses.<\/p>\n<p style=\"text-align: justify;\">sm\/fm<\/p>\n","protected":false},"excerpt":{"rendered":"<p>Ginebra, 14 dic (SANA)\u00a0El viceministro de Asuntos Exteriores y Expatriados, Bassam Sabbagh, afirm\u00f3 que el retorno de los refugiados sirios a su patria representa un objetivo fundamental del gobierno sirio que ha tomado medidas y facilidades al respecto. En un discurso durante el Segundo Foro Mundial sobre Refugiados en Ginebra, el diplom\u00e1tico indic\u00f3 que algunos &hellip;<\/p>\n","protected":false},"author":39,"featured_media":316841,"comment_status":"closed","ping_status":"closed","sticky":false,"template":"","format":"standard","meta":{"footnotes":""},"categories":[477,597,20724,467,583],"tags":[],"class_list":["post-316840","post","type-post","status-publish","format-standard","has-post-thumbnail","","category-noticias-edulcorantes","category-cinta-de-noticias","category-minuto-a-minuto","category-siria-y-el-mundo","category-slide"],"_links":{"self":[{"href":"https:\/\/archive.sana.sy\/es\/index.php?rest_route=\/wp\/v2\/posts\/316840"}],"collection":[{"href":"https:\/\/archive.sana.sy\/es\/index.php?rest_route=\/wp\/v2\/posts"}],"about":[{"href":"https:\/\/archive.sana.sy\/es\/index.php?rest_route=\/wp\/v2\/types\/post"}],"author":[{"embeddable":true,"href":"https:\/\/archive.sana.sy\/es\/index.php?rest_route=\/wp\/v2\/users\/39"}],"replies":[{"embeddable":true,"href":"https:\/\/archive.sana.sy\/es\/index.php?rest_route=%2Fwp%2Fv2%2Fcomments&post=316840"}],"version-history":[{"count":4,"href":"https:\/\/archive.sana.sy\/es\/index.php?rest_route=\/wp\/v2\/posts\/316840\/revisions"}],"predecessor-version":[{"id":316851,"href":"https:\/\/archive.sana.sy\/es\/index.php?rest_route=\/wp\/v2\/posts\/316840\/revisions\/316851"}],"wp:featuredmedia":[{"embeddable":true,"href":"https:\/\/archive.sana.sy\/es\/index.php?rest_route=\/wp\/v2\/media\/316841"}],"wp:attachment":[{"href":"https:\/\/archive.sana.sy\/es\/index.php?rest_route=%2Fwp%2Fv2%2Fmedia&parent=316840"}],"wp:term":[{"taxonomy":"category","embeddable":true,"href":"https:\/\/archive.sana.sy\/es\/index.php?rest_route=%2Fwp%2Fv2%2Fcategories&post=316840"},{"taxonomy":"post_tag","embeddable":true,"href":"https:\/\/archive.sana.sy\/es\/index.php?rest_route=%2Fwp%2Fv2%2Ftags&post=316840"}],"curies":[{"name":"wp","href":"https:\/\/api.w.org\/{rel}","templated":true}]}}