{"id":316865,"date":"2023-12-14T18:42:34","date_gmt":"2023-12-14T15:42:34","guid":{"rendered":"https:\/\/sana.sy\/es\/?p=316865"},"modified":"2023-12-14T18:42:41","modified_gmt":"2023-12-14T15:42:41","slug":"estallido-de-una-mina-mata-a-un-civil-en-provincia-de-deir-ezzor","status":"publish","type":"post","link":"https:\/\/archive.sana.sy\/es\/?p=316865","title":{"rendered":"Estallido de una mina mata a un civil en provincia de Deir Ezzor"},"content":{"rendered":"<p style=\"text-align: justify;\"><span style=\"color: #800000;\"><strong>Deir Ezzor, 14 dic (SANA)<\/strong><\/span> Un ciudadano perdi\u00f3 la vida hoy por la explosi\u00f3n de una mina dejada por terroristas del llamado Estado Isl\u00e1mico, Daesh en \u00e1rabe.<\/p>\n<p style=\"text-align: justify;\">El incidente ocurri\u00f3 en la aldea de Al-Mariyah, en el este de la provincia de Deir Ezzor, ubicada a unos 450 kil\u00f3metros al nordeste de Damasco, la capital.<\/p>\n<p style=\"text-align: justify;\">El director del hospital provincial Mamoun Haiza, dijo al corresponsal de nuestra agencia, que un joven de 15 a\u00f1os lleg\u00f3 al hospital en estado cr\u00edtico, como resultado de graves heridas en el pecho y el abdomen, que provocaron su muerte en poco tiempo.<\/p>\n<p style=\"text-align: justify;\">Las organizaciones terroristas colocaron minas y artefactos explosivos en viviendas, carreteras y terrenos agr\u00edcolas antes de su derrota en las zonas que ocupaban.<\/p>\n<p style=\"text-align: justify;\">Estos radicales ten\u00edan la intenci\u00f3n de causar el mayor da\u00f1o posible a los civiles que hab\u00edan regresado a sus zonas liberadas del terrorismo, o para intimidarlos y evitar que regresen.<\/p>\n<p style=\"text-align: justify;\">fm\/sm<\/p>\n","protected":false},"excerpt":{"rendered":"<p>Deir Ezzor, 14 dic (SANA) Un ciudadano perdi\u00f3 la vida hoy por la explosi\u00f3n de una mina dejada por terroristas del llamado Estado Isl\u00e1mico, Daesh en \u00e1rabe. El incidente ocurri\u00f3 en la aldea de Al-Mariyah, en el este de la provincia de Deir Ezzor, ubicada a unos 450 kil\u00f3metros al nordeste de Damasco, la capital. &hellip;<\/p>\n","protected":false},"author":39,"featured_media":316866,"comment_status":"closed","ping_status":"closed","sticky":false,"template":"","format":"standard","meta":{"footnotes":""},"categories":[477,597,573,20724,476,7541],"tags":[],"class_list":["post-316865","post","type-post","status-publish","format-standard","has-post-thumbnail","","category-noticias-edulcorantes","category-cinta-de-noticias","category-la-realidad-de-los-acontecimientos-en-siria","category-minuto-a-minuto","category-locales","category-ultimas-noticias"],"_links":{"self":[{"href":"https:\/\/archive.sana.sy\/es\/index.php?rest_route=\/wp\/v2\/posts\/316865"}],"collection":[{"href":"https:\/\/archive.sana.sy\/es\/index.php?rest_route=\/wp\/v2\/posts"}],"about":[{"href":"https:\/\/archive.sana.sy\/es\/index.php?rest_route=\/wp\/v2\/types\/post"}],"author":[{"embeddable":true,"href":"https:\/\/archive.sana.sy\/es\/index.php?rest_route=\/wp\/v2\/users\/39"}],"replies":[{"embeddable":true,"href":"https:\/\/archive.sana.sy\/es\/index.php?rest_route=%2Fwp%2Fv2%2Fcomments&post=316865"}],"version-history":[{"count":1,"href":"https:\/\/archive.sana.sy\/es\/index.php?rest_route=\/wp\/v2\/posts\/316865\/revisions"}],"predecessor-version":[{"id":316867,"href":"https:\/\/archive.sana.sy\/es\/index.php?rest_route=\/wp\/v2\/posts\/316865\/revisions\/316867"}],"wp:featuredmedia":[{"embeddable":true,"href":"https:\/\/archive.sana.sy\/es\/index.php?rest_route=\/wp\/v2\/media\/316866"}],"wp:attachment":[{"href":"https:\/\/archive.sana.sy\/es\/index.php?rest_route=%2Fwp%2Fv2%2Fmedia&parent=316865"}],"wp:term":[{"taxonomy":"category","embeddable":true,"href":"https:\/\/archive.sana.sy\/es\/index.php?rest_route=%2Fwp%2Fv2%2Fcategories&post=316865"},{"taxonomy":"post_tag","embeddable":true,"href":"https:\/\/archive.sana.sy\/es\/index.php?rest_route=%2Fwp%2Fv2%2Ftags&post=316865"}],"curies":[{"name":"wp","href":"https:\/\/api.w.org\/{rel}","templated":true}]}}