{"id":316891,"date":"2023-12-15T14:11:44","date_gmt":"2023-12-15T11:11:44","guid":{"rendered":"https:\/\/sana.sy\/es\/?p=316891"},"modified":"2023-12-15T14:18:17","modified_gmt":"2023-12-15T11:18:17","slug":"israel-corta-comunicaciones-en-gaza-y-agudiza-la-crisis-humanitaria","status":"publish","type":"post","link":"https:\/\/archive.sana.sy\/es\/?p=316891","title":{"rendered":"\u201cIsrael\u201d corta Internet y comunicaciones en Gaza y agrava la crisis humanitaria"},"content":{"rendered":"<p style=\"text-align: justify;\"><span style=\"color: #800000;\"><strong>Jerusal\u00e9n ocupada, 15 dic (SANA)\u00a0 <\/strong><\/span>La Oficina de Prensa en Gaza alert\u00f3 sobre el impacto potencial y desastroso de la interrupci\u00f3n de las comunicaciones e Internet por parte de \u201cIsrael\u201d, en la Franja de Gaza.<\/p>\n<p>\u201cEsta acci\u00f3n profundizar\u00eda la crisis humanitaria y podr\u00eda desencadenar cat\u00e1strofes que amenacen la vida de los palestinos\u201d, indic\u00f3 la Oficina en un comunicado.<\/p>\n<p>Destac\u00f3 que esta es la quinta vez que las fuerzas israel\u00edes cortan por completo las telecomunicaciones desde el inicio de la guerra contra el pueblo palestino en este enclave costero.<\/p>\n<p>\u201cEsto constituye un crimen premeditado, que contribuye significativamente a agravar la crisis humanitaria que se vive en Gaza\u201d, fustig\u00f3.<\/p>\n<p>El comunicado hizo un llamado urgente a la comunidad internacional para asumir sus responsabilidades e implementar de inmediato las decisiones pertinentes destinadas a poner fin a la agresi\u00f3n criminal y fascista contra el pueblo palestino.<\/p>\n","protected":false},"excerpt":{"rendered":"<p>Jerusal\u00e9n ocupada, 15 dic (SANA)\u00a0 La Oficina de Prensa en Gaza alert\u00f3 sobre el impacto potencial y desastroso de la interrupci\u00f3n de las comunicaciones e Internet por parte de \u201cIsrael\u201d, en la Franja de Gaza. \u201cEsta acci\u00f3n profundizar\u00eda la crisis humanitaria y podr\u00eda desencadenar cat\u00e1strofes que amenacen la vida de los palestinos\u201d, indic\u00f3 la Oficina &hellip;<\/p>\n","protected":false},"author":39,"featured_media":316892,"comment_status":"closed","ping_status":"closed","sticky":false,"template":"","format":"standard","meta":{"footnotes":""},"categories":[597,456,16687,20724,7541],"tags":[],"class_list":["post-316891","post","type-post","status-publish","format-standard","has-post-thumbnail","","category-cinta-de-noticias","category-arabe-internacional-politica","category-internacionales","category-minuto-a-minuto","category-ultimas-noticias"],"_links":{"self":[{"href":"https:\/\/archive.sana.sy\/es\/index.php?rest_route=\/wp\/v2\/posts\/316891"}],"collection":[{"href":"https:\/\/archive.sana.sy\/es\/index.php?rest_route=\/wp\/v2\/posts"}],"about":[{"href":"https:\/\/archive.sana.sy\/es\/index.php?rest_route=\/wp\/v2\/types\/post"}],"author":[{"embeddable":true,"href":"https:\/\/archive.sana.sy\/es\/index.php?rest_route=\/wp\/v2\/users\/39"}],"replies":[{"embeddable":true,"href":"https:\/\/archive.sana.sy\/es\/index.php?rest_route=%2Fwp%2Fv2%2Fcomments&post=316891"}],"version-history":[{"count":2,"href":"https:\/\/archive.sana.sy\/es\/index.php?rest_route=\/wp\/v2\/posts\/316891\/revisions"}],"predecessor-version":[{"id":316899,"href":"https:\/\/archive.sana.sy\/es\/index.php?rest_route=\/wp\/v2\/posts\/316891\/revisions\/316899"}],"wp:featuredmedia":[{"embeddable":true,"href":"https:\/\/archive.sana.sy\/es\/index.php?rest_route=\/wp\/v2\/media\/316892"}],"wp:attachment":[{"href":"https:\/\/archive.sana.sy\/es\/index.php?rest_route=%2Fwp%2Fv2%2Fmedia&parent=316891"}],"wp:term":[{"taxonomy":"category","embeddable":true,"href":"https:\/\/archive.sana.sy\/es\/index.php?rest_route=%2Fwp%2Fv2%2Fcategories&post=316891"},{"taxonomy":"post_tag","embeddable":true,"href":"https:\/\/archive.sana.sy\/es\/index.php?rest_route=%2Fwp%2Fv2%2Ftags&post=316891"}],"curies":[{"name":"wp","href":"https:\/\/api.w.org\/{rel}","templated":true}]}}