{"id":316894,"date":"2023-12-15T14:14:14","date_gmt":"2023-12-15T11:14:14","guid":{"rendered":"https:\/\/sana.sy\/es\/?p=316894"},"modified":"2023-12-15T14:17:22","modified_gmt":"2023-12-15T11:17:22","slug":"israel-renueva-ataques-contra-el-sur-del-libano","status":"publish","type":"post","link":"https:\/\/archive.sana.sy\/es\/?p=316894","title":{"rendered":"\u201cIsrael\u201d reanuda sus ataques contra el sur del L\u00edbano"},"content":{"rendered":"<p style=\"text-align: justify;\"><span style=\"color: #800000;\"><strong>Beirut, 15 dic (SANA)\u00a0 <\/strong><\/span>El ej\u00e9rcito israel\u00ed reanud\u00f3 sus ataques en diversas \u00e1reas y aldeas del sur del L\u00edbano, inform\u00f3 la Agencia Nacional Libanesa de Noticias.<\/p>\n<p style=\"text-align: justify;\">\u201cEste viernes, el ej\u00e9rcito israel\u00ed lanz\u00f3 varias proyectiles incendiarios con el objetivo de provocar incendios en las zonas monta\u00f1osas de las localidades de Naqoura y Ayta al-Shaab\u201d, inform\u00f3 el medio.<\/p>\n<p style=\"text-align: justify;\">Tanto la aviaci\u00f3n b\u00e9lica como los drones israel\u00edes bombardearon varias instalaciones civiles en diversas aldeas, lo que caus\u00f3 da\u00f1os significativos en una mezquita en la ciudad de Jabeen y en una casa en la localidad de Ayta al-Shaab.<\/p>\n<p style=\"text-align: justify;\">La agencia destac\u00f3 que se detectaron vuelos de los aviones de reconocimiento israel\u00edes sobre las aldeas de las regiones occidental y central, e inform\u00f3 que llegaron hasta las proximidades de la ciudad de Tiro.<\/p>\n<p style=\"text-align: justify;\">Los cazas israel\u00edes tambi\u00e9n atacaron los alrededores de las aldeas libanesas de Labouneh, Al-Dhahera, Alma Al-Shaab y Wadi Qatamoun, mientras que durante la medianoche, las localidades de Naqoura y Ayta al-Shaab fueron objeto de un bombardeos con proyectiles de artiller\u00eda.<\/p>\n<p style=\"text-align: justify;\">ah\/fm\/sm<\/p>\n","protected":false},"excerpt":{"rendered":"<p>Beirut, 15 dic (SANA)\u00a0 El ej\u00e9rcito israel\u00ed reanud\u00f3 sus ataques en diversas \u00e1reas y aldeas del sur del L\u00edbano, inform\u00f3 la Agencia Nacional Libanesa de Noticias. \u201cEste viernes, el ej\u00e9rcito israel\u00ed lanz\u00f3 varias proyectiles incendiarios con el objetivo de provocar incendios en las zonas monta\u00f1osas de las localidades de Naqoura y Ayta al-Shaab\u201d, inform\u00f3 el &hellip;<\/p>\n","protected":false},"author":39,"featured_media":316895,"comment_status":"closed","ping_status":"closed","sticky":false,"template":"","format":"standard","meta":{"footnotes":""},"categories":[597,456,16687,20724,7541],"tags":[],"class_list":["post-316894","post","type-post","status-publish","format-standard","has-post-thumbnail","","category-cinta-de-noticias","category-arabe-internacional-politica","category-internacionales","category-minuto-a-minuto","category-ultimas-noticias"],"_links":{"self":[{"href":"https:\/\/archive.sana.sy\/es\/index.php?rest_route=\/wp\/v2\/posts\/316894"}],"collection":[{"href":"https:\/\/archive.sana.sy\/es\/index.php?rest_route=\/wp\/v2\/posts"}],"about":[{"href":"https:\/\/archive.sana.sy\/es\/index.php?rest_route=\/wp\/v2\/types\/post"}],"author":[{"embeddable":true,"href":"https:\/\/archive.sana.sy\/es\/index.php?rest_route=\/wp\/v2\/users\/39"}],"replies":[{"embeddable":true,"href":"https:\/\/archive.sana.sy\/es\/index.php?rest_route=%2Fwp%2Fv2%2Fcomments&post=316894"}],"version-history":[{"count":3,"href":"https:\/\/archive.sana.sy\/es\/index.php?rest_route=\/wp\/v2\/posts\/316894\/revisions"}],"predecessor-version":[{"id":316898,"href":"https:\/\/archive.sana.sy\/es\/index.php?rest_route=\/wp\/v2\/posts\/316894\/revisions\/316898"}],"wp:featuredmedia":[{"embeddable":true,"href":"https:\/\/archive.sana.sy\/es\/index.php?rest_route=\/wp\/v2\/media\/316895"}],"wp:attachment":[{"href":"https:\/\/archive.sana.sy\/es\/index.php?rest_route=%2Fwp%2Fv2%2Fmedia&parent=316894"}],"wp:term":[{"taxonomy":"category","embeddable":true,"href":"https:\/\/archive.sana.sy\/es\/index.php?rest_route=%2Fwp%2Fv2%2Fcategories&post=316894"},{"taxonomy":"post_tag","embeddable":true,"href":"https:\/\/archive.sana.sy\/es\/index.php?rest_route=%2Fwp%2Fv2%2Ftags&post=316894"}],"curies":[{"name":"wp","href":"https:\/\/api.w.org\/{rel}","templated":true}]}}