{"id":316900,"date":"2023-12-15T14:20:47","date_gmt":"2023-12-15T11:20:47","guid":{"rendered":"https:\/\/sana.sy\/es\/?p=316900"},"modified":"2023-12-15T14:21:25","modified_gmt":"2023-12-15T11:21:25","slug":"ministros-de-turismo-de-siria-e-irak-exploran-oportunidades-de-colaboracion","status":"publish","type":"post","link":"https:\/\/archive.sana.sy\/es\/?p=316900","title":{"rendered":"Ministros de Turismo de Siria e Irak exploran oportunidades de colaboraci\u00f3n"},"content":{"rendered":"<p style=\"text-align: justify;\"><span style=\"color: #800000;\"><strong>Doha, 15 dic (SANA)\u00a0<\/strong><\/span> El ministro de Turismo, Mohammed Rami Martini, se reuni\u00f3 con su hom\u00f3logo iraqu\u00ed, Hassan Nazim, con quien repas\u00f3 las formas de desarrollar la colaboraci\u00f3n tur\u00edstica entre ambos pa\u00edses.<\/p>\n<p style=\"text-align: justify;\">La reuni\u00f3n tuvo lugar en el marco de la 26\u00aa sesi\u00f3n del Consejo de Ministros \u00c1rabes de Turismo celebrada en Doha.<\/p>\n<p style=\"text-align: justify;\">Ambas partes examinaron la cooperaci\u00f3n tur\u00edstica \u00e1rabe, con un enfoque especial en la colaboraci\u00f3n sirio-iraqu\u00ed, dada la importancia de las relaciones oficiales y populares entre ambas naciones, as\u00ed como las formas de fomentar la llegada de turistas iraqu\u00edes a Siria.<\/p>\n<p style=\"text-align: justify;\">Ambas partes acordaron organizar un taller conjunto en Bagdad para las empresas tur\u00edsticas de ambos pa\u00edses, con el objetivo de abordar la promoci\u00f3n del turismo m\u00e9dico, cultural, de compras, de negocios y religioso.<\/p>\n<p style=\"text-align: justify;\">Tambi\u00e9n, acordaron implementar y desarrollar el programa ejecutivo firmado entre los dos ministerios para incluir todas las formas de turismo.<\/p>\n<p style=\"text-align: justify;\">Irak se posiciona como un socio \u00e1rabe destacado para el mercado tur\u00edstico sirio, especialmente despu\u00e9s de las recientes decisiones gubernamentales que facilitan la visita de iraqu\u00edes a Siria con diversos prop\u00f3sitos tur\u00edsticos.<\/p>\n<p style=\"text-align: justify;\">ah\/fm\/sm<\/p>\n","protected":false},"excerpt":{"rendered":"<p>Doha, 15 dic (SANA)\u00a0 El ministro de Turismo, Mohammed Rami Martini, se reuni\u00f3 con su hom\u00f3logo iraqu\u00ed, Hassan Nazim, con quien repas\u00f3 las formas de desarrollar la colaboraci\u00f3n tur\u00edstica entre ambos pa\u00edses. La reuni\u00f3n tuvo lugar en el marco de la 26\u00aa sesi\u00f3n del Consejo de Ministros \u00c1rabes de Turismo celebrada en Doha. Ambas partes &hellip;<\/p>\n","protected":false},"author":39,"featured_media":316901,"comment_status":"closed","ping_status":"closed","sticky":false,"template":"","format":"standard","meta":{"footnotes":""},"categories":[477,597,20724,467,7541],"tags":[],"class_list":["post-316900","post","type-post","status-publish","format-standard","has-post-thumbnail","","category-noticias-edulcorantes","category-cinta-de-noticias","category-minuto-a-minuto","category-siria-y-el-mundo","category-ultimas-noticias"],"_links":{"self":[{"href":"https:\/\/archive.sana.sy\/es\/index.php?rest_route=\/wp\/v2\/posts\/316900"}],"collection":[{"href":"https:\/\/archive.sana.sy\/es\/index.php?rest_route=\/wp\/v2\/posts"}],"about":[{"href":"https:\/\/archive.sana.sy\/es\/index.php?rest_route=\/wp\/v2\/types\/post"}],"author":[{"embeddable":true,"href":"https:\/\/archive.sana.sy\/es\/index.php?rest_route=\/wp\/v2\/users\/39"}],"replies":[{"embeddable":true,"href":"https:\/\/archive.sana.sy\/es\/index.php?rest_route=%2Fwp%2Fv2%2Fcomments&post=316900"}],"version-history":[{"count":1,"href":"https:\/\/archive.sana.sy\/es\/index.php?rest_route=\/wp\/v2\/posts\/316900\/revisions"}],"predecessor-version":[{"id":316902,"href":"https:\/\/archive.sana.sy\/es\/index.php?rest_route=\/wp\/v2\/posts\/316900\/revisions\/316902"}],"wp:featuredmedia":[{"embeddable":true,"href":"https:\/\/archive.sana.sy\/es\/index.php?rest_route=\/wp\/v2\/media\/316901"}],"wp:attachment":[{"href":"https:\/\/archive.sana.sy\/es\/index.php?rest_route=%2Fwp%2Fv2%2Fmedia&parent=316900"}],"wp:term":[{"taxonomy":"category","embeddable":true,"href":"https:\/\/archive.sana.sy\/es\/index.php?rest_route=%2Fwp%2Fv2%2Fcategories&post=316900"},{"taxonomy":"post_tag","embeddable":true,"href":"https:\/\/archive.sana.sy\/es\/index.php?rest_route=%2Fwp%2Fv2%2Ftags&post=316900"}],"curies":[{"name":"wp","href":"https:\/\/api.w.org\/{rel}","templated":true}]}}