{"id":316904,"date":"2023-12-15T14:23:24","date_gmt":"2023-12-15T11:23:24","guid":{"rendered":"https:\/\/sana.sy\/es\/?p=316904"},"modified":"2023-12-15T14:23:24","modified_gmt":"2023-12-15T11:23:24","slug":"abierto-el-consulado-honorario-de-siria-en-eslovaquia","status":"publish","type":"post","link":"https:\/\/archive.sana.sy\/es\/?p=316904","title":{"rendered":"Abierto el consulado honorario de Siria en Eslovaquia"},"content":{"rendered":"<p style=\"text-align: justify;\"><span style=\"color: #800000;\"><strong>Bratislava, 15 dic (SANA)<\/strong> <\/span>El Consulado Honorario de la Rep\u00fablica \u00c1rabe Siria fue inaugurado la v\u00edspera en la capital eslovaca, Bratislava.<\/p>\n<p style=\"text-align: justify;\">A la inauguraci\u00f3n asistieron el embajador Hasan Khaddour, representante permanente de Siria ante la Oficina de las Naciones Unidas y otras Organizaciones Internacionales en Viena, y el embajador de Siria en Austria, y c\u00f3nsul Honorario de Siria en Eslovaquia, Ibrahim Al-Ali.<\/p>\n<p style=\"text-align: justify;\">El acto cont\u00f3 con la participaci\u00f3n de Vladimir Shimona, subsecretario de Econom\u00eda de Eslovaquia, y Valeer Franko, director de la Administraci\u00f3n de Medio Oriente, as\u00ed como Igor Jonas, decano de los C\u00f3nsules Honorarios en Eslovaquia.<\/p>\n<p style=\"text-align: justify;\">Tambi\u00e9n, estuvieron presentes el embajador Libio en Eslovaquia, Khalid Shaban, y la embajadora de Palestina, Safa Khaldi, junto con miembros de la comunidad siria en Eslovaquia.<\/p>\n<p style=\"text-align: justify;\">ah\/sm\/fm<\/p>\n","protected":false},"excerpt":{"rendered":"<p>Bratislava, 15 dic (SANA) El Consulado Honorario de la Rep\u00fablica \u00c1rabe Siria fue inaugurado la v\u00edspera en la capital eslovaca, Bratislava. A la inauguraci\u00f3n asistieron el embajador Hasan Khaddour, representante permanente de Siria ante la Oficina de las Naciones Unidas y otras Organizaciones Internacionales en Viena, y el embajador de Siria en Austria, y c\u00f3nsul &hellip;<\/p>\n","protected":false},"author":39,"featured_media":316905,"comment_status":"closed","ping_status":"closed","sticky":false,"template":"","format":"standard","meta":{"footnotes":""},"categories":[477,597,20724,467,7541],"tags":[],"class_list":["post-316904","post","type-post","status-publish","format-standard","has-post-thumbnail","","category-noticias-edulcorantes","category-cinta-de-noticias","category-minuto-a-minuto","category-siria-y-el-mundo","category-ultimas-noticias"],"_links":{"self":[{"href":"https:\/\/archive.sana.sy\/es\/index.php?rest_route=\/wp\/v2\/posts\/316904"}],"collection":[{"href":"https:\/\/archive.sana.sy\/es\/index.php?rest_route=\/wp\/v2\/posts"}],"about":[{"href":"https:\/\/archive.sana.sy\/es\/index.php?rest_route=\/wp\/v2\/types\/post"}],"author":[{"embeddable":true,"href":"https:\/\/archive.sana.sy\/es\/index.php?rest_route=\/wp\/v2\/users\/39"}],"replies":[{"embeddable":true,"href":"https:\/\/archive.sana.sy\/es\/index.php?rest_route=%2Fwp%2Fv2%2Fcomments&post=316904"}],"version-history":[{"count":1,"href":"https:\/\/archive.sana.sy\/es\/index.php?rest_route=\/wp\/v2\/posts\/316904\/revisions"}],"predecessor-version":[{"id":316906,"href":"https:\/\/archive.sana.sy\/es\/index.php?rest_route=\/wp\/v2\/posts\/316904\/revisions\/316906"}],"wp:featuredmedia":[{"embeddable":true,"href":"https:\/\/archive.sana.sy\/es\/index.php?rest_route=\/wp\/v2\/media\/316905"}],"wp:attachment":[{"href":"https:\/\/archive.sana.sy\/es\/index.php?rest_route=%2Fwp%2Fv2%2Fmedia&parent=316904"}],"wp:term":[{"taxonomy":"category","embeddable":true,"href":"https:\/\/archive.sana.sy\/es\/index.php?rest_route=%2Fwp%2Fv2%2Fcategories&post=316904"},{"taxonomy":"post_tag","embeddable":true,"href":"https:\/\/archive.sana.sy\/es\/index.php?rest_route=%2Fwp%2Fv2%2Ftags&post=316904"}],"curies":[{"name":"wp","href":"https:\/\/api.w.org\/{rel}","templated":true}]}}