{"id":316907,"date":"2023-12-15T15:06:31","date_gmt":"2023-12-15T12:06:31","guid":{"rendered":"https:\/\/sana.sy\/es\/?p=316907"},"modified":"2023-12-15T15:06:31","modified_gmt":"2023-12-15T12:06:31","slug":"venezuela-y-guyana-acuerdan-no-usar-ni-amenazar-con-la-fuerza-por-la-disputa-fronteriza","status":"publish","type":"post","link":"https:\/\/archive.sana.sy\/es\/?p=316907","title":{"rendered":"Venezuela y Guyana acuerdan no usar ni amenazar con la fuerza por la disputa fronteriza"},"content":{"rendered":"<p style=\"text-align: justify;\"><span style=\"color: #800000;\"><strong>Kingstown, 15 dic (SANA)\u00a0<\/strong> <\/span>Venezuela y Guyana acordaron no usar la fuerza entre s\u00ed como resultado de la tensi\u00f3n entre ambas partes por la regi\u00f3n fronteriza del Esequibo.<\/p>\n<p style=\"text-align: justify;\">Seg\u00fan inform\u00f3 el sitio web Russia Today citando la declaraci\u00f3n conjunta emitida al concluir una cumbre celebrada en el Estado de San Vicente y las Granadinas, en la que participaron el presidente venezolano, Nicol\u00e1s Maduro, y el presidente guyan\u00e9s, Muhammad Irfaan Ali, los dos pa\u00edses acordaron no amenazar o utilizar la fuerza directa o indirectamente bajo cualquier circunstancia.<\/p>\n<p style=\"text-align: justify;\">Asimismo, las dos naciones acordaron continuar las relaciones de buena vecindad, la convivencia pac\u00edfica y la unidad de Am\u00e9rica Latina y el Caribe, as\u00ed como desarrollar un mecanismo para evitar la escalada de los acontecimientos sobre el terreno hacia mayores tensiones.<\/p>\n<p style=\"text-align: justify;\">Adem\u00e1s, los mandatarios de los pa\u00edses acordaron volver a reunirse dentro de tres meses en Brasil.<\/p>\n<p>sm<\/p>\n","protected":false},"excerpt":{"rendered":"<p>Kingstown, 15 dic (SANA)\u00a0 Venezuela y Guyana acordaron no usar la fuerza entre s\u00ed como resultado de la tensi\u00f3n entre ambas partes por la regi\u00f3n fronteriza del Esequibo. Seg\u00fan inform\u00f3 el sitio web Russia Today citando la declaraci\u00f3n conjunta emitida al concluir una cumbre celebrada en el Estado de San Vicente y las Granadinas, en &hellip;<\/p>\n","protected":false},"author":39,"featured_media":316908,"comment_status":"closed","ping_status":"closed","sticky":false,"template":"","format":"standard","meta":{"footnotes":""},"categories":[597,456,16687,20724],"tags":[],"class_list":["post-316907","post","type-post","status-publish","format-standard","has-post-thumbnail","","category-cinta-de-noticias","category-arabe-internacional-politica","category-internacionales","category-minuto-a-minuto"],"_links":{"self":[{"href":"https:\/\/archive.sana.sy\/es\/index.php?rest_route=\/wp\/v2\/posts\/316907"}],"collection":[{"href":"https:\/\/archive.sana.sy\/es\/index.php?rest_route=\/wp\/v2\/posts"}],"about":[{"href":"https:\/\/archive.sana.sy\/es\/index.php?rest_route=\/wp\/v2\/types\/post"}],"author":[{"embeddable":true,"href":"https:\/\/archive.sana.sy\/es\/index.php?rest_route=\/wp\/v2\/users\/39"}],"replies":[{"embeddable":true,"href":"https:\/\/archive.sana.sy\/es\/index.php?rest_route=%2Fwp%2Fv2%2Fcomments&post=316907"}],"version-history":[{"count":1,"href":"https:\/\/archive.sana.sy\/es\/index.php?rest_route=\/wp\/v2\/posts\/316907\/revisions"}],"predecessor-version":[{"id":316909,"href":"https:\/\/archive.sana.sy\/es\/index.php?rest_route=\/wp\/v2\/posts\/316907\/revisions\/316909"}],"wp:featuredmedia":[{"embeddable":true,"href":"https:\/\/archive.sana.sy\/es\/index.php?rest_route=\/wp\/v2\/media\/316908"}],"wp:attachment":[{"href":"https:\/\/archive.sana.sy\/es\/index.php?rest_route=%2Fwp%2Fv2%2Fmedia&parent=316907"}],"wp:term":[{"taxonomy":"category","embeddable":true,"href":"https:\/\/archive.sana.sy\/es\/index.php?rest_route=%2Fwp%2Fv2%2Fcategories&post=316907"},{"taxonomy":"post_tag","embeddable":true,"href":"https:\/\/archive.sana.sy\/es\/index.php?rest_route=%2Fwp%2Fv2%2Ftags&post=316907"}],"curies":[{"name":"wp","href":"https:\/\/api.w.org\/{rel}","templated":true}]}}