{"id":316919,"date":"2023-12-15T17:51:46","date_gmt":"2023-12-15T14:51:46","guid":{"rendered":"https:\/\/sana.sy\/es\/?p=316919"},"modified":"2023-12-15T17:51:50","modified_gmt":"2023-12-15T14:51:50","slug":"china-expansion-de-la-otan-en-asia-traera-confrontacion-e-inestabilidad-regional","status":"publish","type":"post","link":"https:\/\/archive.sana.sy\/es\/?p=316919","title":{"rendered":"China: Expansi\u00f3n de la OTAN en Asia traer\u00e1 confrontaci\u00f3n e inestabilidad regional"},"content":{"rendered":"<p style=\"text-align: justify;\"><span style=\"color: #800000;\"><strong>Beijing, 15 dic (SANA)<\/strong> <\/span>El Ministerio chino de Asuntos Exteriores rechaz\u00f3 la expansi\u00f3n de la Organizaci\u00f3n del Tratado del Atl\u00e1ntico Norte (OTAN) hacia el Asia-Pac\u00edfico y asegur\u00f3 que esto solo traer\u00e1 confrontaci\u00f3n de bloques e inestabilidad regional.<\/p>\n<p>La portavoz de la canciller\u00eda, Mao Ning, coment\u00f3 las recientes declaraciones del presidente ruso, Vladimir Putin, quien denunci\u00f3 la intenci\u00f3n del Occidente colectivo, liderado por Estados Unidos, de extender las actividades de esa alianza a la regi\u00f3n asi\u00e1tica.<\/p>\n<p style=\"text-align: justify;\">Seg\u00fan la vocera, esta actitud no se ajusta a su posici\u00f3n como una organizaci\u00f3n militar regional de defensa y solo socavar\u00e1 la paz.<\/p>\n<p style=\"text-align: justify;\">Por otro lado, enfatiz\u00f3 que los nexos entre China y Rusia se basan en los principios de no confrontaci\u00f3n, no alineaci\u00f3n y tampoco est\u00e1n dirigidas contra terceros.<\/p>\n<p style=\"text-align: justify;\">En ocasiones anteriores, China critic\u00f3 a la OTAN y sus intentos de abrir una oficina en Jap\u00f3n, al tiempo que advirti\u00f3 sobre los riesgos que eso traer\u00eda para la paz y la estabilidad de la zona.<\/p>\n<p style=\"text-align: justify;\">fm\/sm<\/p>\n","protected":false},"excerpt":{"rendered":"<p>Beijing, 15 dic (SANA) El Ministerio chino de Asuntos Exteriores rechaz\u00f3 la expansi\u00f3n de la Organizaci\u00f3n del Tratado del Atl\u00e1ntico Norte (OTAN) hacia el Asia-Pac\u00edfico y asegur\u00f3 que esto solo traer\u00e1 confrontaci\u00f3n de bloques e inestabilidad regional. La portavoz de la canciller\u00eda, Mao Ning, coment\u00f3 las recientes declaraciones del presidente ruso, Vladimir Putin, quien denunci\u00f3 &hellip;<\/p>\n","protected":false},"author":39,"featured_media":316920,"comment_status":"closed","ping_status":"closed","sticky":false,"template":"","format":"standard","meta":{"footnotes":""},"categories":[597,456,16687,20724,7541],"tags":[],"class_list":["post-316919","post","type-post","status-publish","format-standard","has-post-thumbnail","","category-cinta-de-noticias","category-arabe-internacional-politica","category-internacionales","category-minuto-a-minuto","category-ultimas-noticias"],"_links":{"self":[{"href":"https:\/\/archive.sana.sy\/es\/index.php?rest_route=\/wp\/v2\/posts\/316919"}],"collection":[{"href":"https:\/\/archive.sana.sy\/es\/index.php?rest_route=\/wp\/v2\/posts"}],"about":[{"href":"https:\/\/archive.sana.sy\/es\/index.php?rest_route=\/wp\/v2\/types\/post"}],"author":[{"embeddable":true,"href":"https:\/\/archive.sana.sy\/es\/index.php?rest_route=\/wp\/v2\/users\/39"}],"replies":[{"embeddable":true,"href":"https:\/\/archive.sana.sy\/es\/index.php?rest_route=%2Fwp%2Fv2%2Fcomments&post=316919"}],"version-history":[{"count":2,"href":"https:\/\/archive.sana.sy\/es\/index.php?rest_route=\/wp\/v2\/posts\/316919\/revisions"}],"predecessor-version":[{"id":316922,"href":"https:\/\/archive.sana.sy\/es\/index.php?rest_route=\/wp\/v2\/posts\/316919\/revisions\/316922"}],"wp:featuredmedia":[{"embeddable":true,"href":"https:\/\/archive.sana.sy\/es\/index.php?rest_route=\/wp\/v2\/media\/316920"}],"wp:attachment":[{"href":"https:\/\/archive.sana.sy\/es\/index.php?rest_route=%2Fwp%2Fv2%2Fmedia&parent=316919"}],"wp:term":[{"taxonomy":"category","embeddable":true,"href":"https:\/\/archive.sana.sy\/es\/index.php?rest_route=%2Fwp%2Fv2%2Fcategories&post=316919"},{"taxonomy":"post_tag","embeddable":true,"href":"https:\/\/archive.sana.sy\/es\/index.php?rest_route=%2Fwp%2Fv2%2Ftags&post=316919"}],"curies":[{"name":"wp","href":"https:\/\/api.w.org\/{rel}","templated":true}]}}