{"id":316923,"date":"2023-12-15T17:54:11","date_gmt":"2023-12-15T14:54:11","guid":{"rendered":"https:\/\/sana.sy\/es\/?p=316923"},"modified":"2023-12-15T17:54:11","modified_gmt":"2023-12-15T14:54:11","slug":"detienen-en-rusia-a-un-espia-ucraniano","status":"publish","type":"post","link":"https:\/\/archive.sana.sy\/es\/?p=316923","title":{"rendered":"Detienen en Rusia a un esp\u00eda ucraniano"},"content":{"rendered":"<p style=\"text-align: justify;\"><span style=\"color: #800000;\"><strong>Mosc\u00fa, 15 dic (SANA)<\/strong> <\/span>Las fuerzas de seguridad rusa (FSB) de la regi\u00f3n de Rostov del Don detuvieron a un ciudadano ucraniano bajo sospecha de espionaje en inter\u00e9s de la inteligencia de Kiev.<\/p>\n<p style=\"text-align: justify;\">\u201cEmpleados del FSB identificaron y reprimieron las actividades ilegales de un ciudadano de Ucrania relacionadas con la recopilaci\u00f3n, en inter\u00e9s del enemigo, de informaci\u00f3n sobre la ubicaci\u00f3n de unidades militares de las Fuerzas Armadas de Rusia\u201d, indic\u00f3 el departamento por medio de un comunicado.<\/p>\n<p style=\"text-align: justify;\">Aclar\u00f3 que el individuo de 40 a\u00f1os transmiti\u00f3 informaci\u00f3n a la direcci\u00f3n principal de Inteligencia del ministerio de Defensa de Ucrania con puntos estrat\u00e9gicos de la zona de tropas rusas en el distrito militar del Norte.<\/p>\n<p style=\"text-align: justify;\">\u201cSin dudas, estos datos ofrecidos ponen en peligro a nuestras tropas, lo cual provocar\u00eda p\u00e9rdidas entre el personal y el equipo que all\u00ed combate\u201d, precis\u00f3 el FSB.<\/p>\n<p style=\"text-align: justify;\">fm\/sm<\/p>\n","protected":false},"excerpt":{"rendered":"<p>Mosc\u00fa, 15 dic (SANA) Las fuerzas de seguridad rusa (FSB) de la regi\u00f3n de Rostov del Don detuvieron a un ciudadano ucraniano bajo sospecha de espionaje en inter\u00e9s de la inteligencia de Kiev. \u201cEmpleados del FSB identificaron y reprimieron las actividades ilegales de un ciudadano de Ucrania relacionadas con la recopilaci\u00f3n, en inter\u00e9s del enemigo, &hellip;<\/p>\n","protected":false},"author":39,"featured_media":316924,"comment_status":"closed","ping_status":"closed","sticky":false,"template":"","format":"standard","meta":{"footnotes":""},"categories":[597,456,16687,20724],"tags":[],"class_list":["post-316923","post","type-post","status-publish","format-standard","has-post-thumbnail","","category-cinta-de-noticias","category-arabe-internacional-politica","category-internacionales","category-minuto-a-minuto"],"_links":{"self":[{"href":"https:\/\/archive.sana.sy\/es\/index.php?rest_route=\/wp\/v2\/posts\/316923"}],"collection":[{"href":"https:\/\/archive.sana.sy\/es\/index.php?rest_route=\/wp\/v2\/posts"}],"about":[{"href":"https:\/\/archive.sana.sy\/es\/index.php?rest_route=\/wp\/v2\/types\/post"}],"author":[{"embeddable":true,"href":"https:\/\/archive.sana.sy\/es\/index.php?rest_route=\/wp\/v2\/users\/39"}],"replies":[{"embeddable":true,"href":"https:\/\/archive.sana.sy\/es\/index.php?rest_route=%2Fwp%2Fv2%2Fcomments&post=316923"}],"version-history":[{"count":1,"href":"https:\/\/archive.sana.sy\/es\/index.php?rest_route=\/wp\/v2\/posts\/316923\/revisions"}],"predecessor-version":[{"id":316925,"href":"https:\/\/archive.sana.sy\/es\/index.php?rest_route=\/wp\/v2\/posts\/316923\/revisions\/316925"}],"wp:featuredmedia":[{"embeddable":true,"href":"https:\/\/archive.sana.sy\/es\/index.php?rest_route=\/wp\/v2\/media\/316924"}],"wp:attachment":[{"href":"https:\/\/archive.sana.sy\/es\/index.php?rest_route=%2Fwp%2Fv2%2Fmedia&parent=316923"}],"wp:term":[{"taxonomy":"category","embeddable":true,"href":"https:\/\/archive.sana.sy\/es\/index.php?rest_route=%2Fwp%2Fv2%2Fcategories&post=316923"},{"taxonomy":"post_tag","embeddable":true,"href":"https:\/\/archive.sana.sy\/es\/index.php?rest_route=%2Fwp%2Fv2%2Ftags&post=316923"}],"curies":[{"name":"wp","href":"https:\/\/api.w.org\/{rel}","templated":true}]}}