{"id":316936,"date":"2023-12-15T20:08:52","date_gmt":"2023-12-15T17:08:52","guid":{"rendered":"https:\/\/sana.sy\/es\/?p=316936"},"modified":"2023-12-15T20:09:07","modified_gmt":"2023-12-15T17:09:07","slug":"siria-y-la-acnur-analizan-aspectos-cooperacion-conjunta","status":"publish","type":"post","link":"https:\/\/archive.sana.sy\/es\/?p=316936","title":{"rendered":"Siria y la ACNUR analizan aspectos de cooperaci\u00f3n conjunta"},"content":{"rendered":"<p style=\"text-align: justify;\"><span style=\"color: #800000;\"><strong>Ginebra, 15 dic (SANA)\u00a0<\/strong><\/span> El Viceministro de Asuntos Exteriores y Expatriados, Bassam Sabbagh, examin\u00f3 con el alto comisionado de las Naciones Unidas para los Refugiados (ACNUR), Filippo Grandi, aspectos de la cooperaci\u00f3n existente entre el gobierno sirio y la ACNUR y las formas de impulsarla, incluidos los esfuerzos conjuntos destinados a facilitar el retorno de los desplazados y refugiados sirios a sus hogares.<\/p>\n<p style=\"text-align: justify;\">Durante una reuni\u00f3n celebrada hoy en la ciudad suiza de Ginebra al margen del Segundo Foro Mundial sobre los Refugiados, Grande expres\u00f3 su satisfacci\u00f3n y aprecio por la relaci\u00f3n entre el gobierno sirio y ACNUR y el di\u00e1logo en curso existente entre ambas partes que condujo a resultados positivos.<\/p>\n<p style=\"text-align: justify;\">El funcionario de la ONU subray\u00f3 el inter\u00e9s del Organismo por continuar el trabajo constructivo con Siria y los pa\u00edses que acogen a refugiados con el fin de garantizar y facilitar su regreso.<\/p>\n<p style=\"text-align: justify;\">Por su parte, el diplom\u00e1tico sirio ratific\u00f3 el compromiso del Estado sirio de trabajar para facilitar el regreso de los refugiados sirios a su patria y abord\u00f3 los esfuerzos que est\u00e1 realizando en este aspecto.<\/p>\n<p style=\"text-align: justify;\">sm<\/p>\n","protected":false},"excerpt":{"rendered":"<p>Ginebra, 15 dic (SANA)\u00a0 El Viceministro de Asuntos Exteriores y Expatriados, Bassam Sabbagh, examin\u00f3 con el alto comisionado de las Naciones Unidas para los Refugiados (ACNUR), Filippo Grandi, aspectos de la cooperaci\u00f3n existente entre el gobierno sirio y la ACNUR y las formas de impulsarla, incluidos los esfuerzos conjuntos destinados a facilitar el retorno de &hellip;<\/p>\n","protected":false},"author":39,"featured_media":316937,"comment_status":"closed","ping_status":"closed","sticky":false,"template":"","format":"standard","meta":{"footnotes":""},"categories":[477,597,573,20724,467,7541],"tags":[],"class_list":["post-316936","post","type-post","status-publish","format-standard","has-post-thumbnail","","category-noticias-edulcorantes","category-cinta-de-noticias","category-la-realidad-de-los-acontecimientos-en-siria","category-minuto-a-minuto","category-siria-y-el-mundo","category-ultimas-noticias"],"_links":{"self":[{"href":"https:\/\/archive.sana.sy\/es\/index.php?rest_route=\/wp\/v2\/posts\/316936"}],"collection":[{"href":"https:\/\/archive.sana.sy\/es\/index.php?rest_route=\/wp\/v2\/posts"}],"about":[{"href":"https:\/\/archive.sana.sy\/es\/index.php?rest_route=\/wp\/v2\/types\/post"}],"author":[{"embeddable":true,"href":"https:\/\/archive.sana.sy\/es\/index.php?rest_route=\/wp\/v2\/users\/39"}],"replies":[{"embeddable":true,"href":"https:\/\/archive.sana.sy\/es\/index.php?rest_route=%2Fwp%2Fv2%2Fcomments&post=316936"}],"version-history":[{"count":2,"href":"https:\/\/archive.sana.sy\/es\/index.php?rest_route=\/wp\/v2\/posts\/316936\/revisions"}],"predecessor-version":[{"id":316939,"href":"https:\/\/archive.sana.sy\/es\/index.php?rest_route=\/wp\/v2\/posts\/316936\/revisions\/316939"}],"wp:featuredmedia":[{"embeddable":true,"href":"https:\/\/archive.sana.sy\/es\/index.php?rest_route=\/wp\/v2\/media\/316937"}],"wp:attachment":[{"href":"https:\/\/archive.sana.sy\/es\/index.php?rest_route=%2Fwp%2Fv2%2Fmedia&parent=316936"}],"wp:term":[{"taxonomy":"category","embeddable":true,"href":"https:\/\/archive.sana.sy\/es\/index.php?rest_route=%2Fwp%2Fv2%2Fcategories&post=316936"},{"taxonomy":"post_tag","embeddable":true,"href":"https:\/\/archive.sana.sy\/es\/index.php?rest_route=%2Fwp%2Fv2%2Ftags&post=316936"}],"curies":[{"name":"wp","href":"https:\/\/api.w.org\/{rel}","templated":true}]}}