{"id":317003,"date":"2023-12-16T21:14:22","date_gmt":"2023-12-16T18:14:22","guid":{"rendered":"https:\/\/sana.sy\/es\/?p=317003"},"modified":"2023-12-16T21:14:22","modified_gmt":"2023-12-16T18:14:22","slug":"muere-un-civil-por-explosion-de-artefacto-explosivo-en-deir-ezzor","status":"publish","type":"post","link":"https:\/\/archive.sana.sy\/es\/?p=317003","title":{"rendered":"Muere un civil por explosi\u00f3n de artefacto explosivo en Deir Ezzor"},"content":{"rendered":"<p style=\"text-align: justify;\"><strong><span style=\"color: #800000;\">Deir Ezzor, 16 dic (SANA)<\/span><\/strong>\u00a0 \u00a0Un civil perdi\u00f3 la vida y otros tres resultaron heridos debido a la explosi\u00f3n de un artefacto explosivo colocado por terroristas en el barrio de Al-Youra en la ciudad de Deir Ezzor, al noreste de Siria.<\/p>\n<p style=\"text-align: justify;\">El Director de la Autoridad General del Hospital Al-Assad, Mamoun Hayza, comunic\u00f3 a SANA que cuatro ciudadanos fueron trasladados al hospital, uno de los cuales hab\u00eda fallecido y los dem\u00e1s ten\u00edan diversas heridas de metralla.<\/p>\n<p style=\"text-align: justify;\">\u201cSe proporcion\u00f3 el tratamiento necesario a los heridos y su estado es estable\u201d, agreg\u00f3.<\/p>\n<p style=\"text-align: justify;\">rr<\/p>\n","protected":false},"excerpt":{"rendered":"<p>Deir Ezzor, 16 dic (SANA)\u00a0 \u00a0Un civil perdi\u00f3 la vida y otros tres resultaron heridos debido a la explosi\u00f3n de un artefacto explosivo colocado por terroristas en el barrio de Al-Youra en la ciudad de Deir Ezzor, al noreste de Siria. El Director de la Autoridad General del Hospital Al-Assad, Mamoun Hayza, comunic\u00f3 a SANA &hellip;<\/p>\n","protected":false},"author":31,"featured_media":317004,"comment_status":"closed","ping_status":"closed","sticky":false,"template":"","format":"standard","meta":{"footnotes":""},"categories":[477,597,573,476,7541],"tags":[],"class_list":["post-317003","post","type-post","status-publish","format-standard","has-post-thumbnail","","category-noticias-edulcorantes","category-cinta-de-noticias","category-la-realidad-de-los-acontecimientos-en-siria","category-locales","category-ultimas-noticias"],"_links":{"self":[{"href":"https:\/\/archive.sana.sy\/es\/index.php?rest_route=\/wp\/v2\/posts\/317003"}],"collection":[{"href":"https:\/\/archive.sana.sy\/es\/index.php?rest_route=\/wp\/v2\/posts"}],"about":[{"href":"https:\/\/archive.sana.sy\/es\/index.php?rest_route=\/wp\/v2\/types\/post"}],"author":[{"embeddable":true,"href":"https:\/\/archive.sana.sy\/es\/index.php?rest_route=\/wp\/v2\/users\/31"}],"replies":[{"embeddable":true,"href":"https:\/\/archive.sana.sy\/es\/index.php?rest_route=%2Fwp%2Fv2%2Fcomments&post=317003"}],"version-history":[{"count":1,"href":"https:\/\/archive.sana.sy\/es\/index.php?rest_route=\/wp\/v2\/posts\/317003\/revisions"}],"predecessor-version":[{"id":317005,"href":"https:\/\/archive.sana.sy\/es\/index.php?rest_route=\/wp\/v2\/posts\/317003\/revisions\/317005"}],"wp:featuredmedia":[{"embeddable":true,"href":"https:\/\/archive.sana.sy\/es\/index.php?rest_route=\/wp\/v2\/media\/317004"}],"wp:attachment":[{"href":"https:\/\/archive.sana.sy\/es\/index.php?rest_route=%2Fwp%2Fv2%2Fmedia&parent=317003"}],"wp:term":[{"taxonomy":"category","embeddable":true,"href":"https:\/\/archive.sana.sy\/es\/index.php?rest_route=%2Fwp%2Fv2%2Fcategories&post=317003"},{"taxonomy":"post_tag","embeddable":true,"href":"https:\/\/archive.sana.sy\/es\/index.php?rest_route=%2Fwp%2Fv2%2Ftags&post=317003"}],"curies":[{"name":"wp","href":"https:\/\/api.w.org\/{rel}","templated":true}]}}