{"id":317010,"date":"2023-12-17T08:42:01","date_gmt":"2023-12-17T05:42:01","guid":{"rendered":"https:\/\/sana.sy\/es\/?p=317010"},"modified":"2023-12-17T08:42:01","modified_gmt":"2023-12-17T05:42:01","slug":"israel-cometio-una-horrible-masacre-en-el-hospital-kamal-adwan","status":"publish","type":"post","link":"https:\/\/archive.sana.sy\/es\/?p=317010","title":{"rendered":"\u201cIsrael\u201d cometi\u00f3 una horrible masacre en el hospital Kamal Adwan"},"content":{"rendered":"<p style=\"text-align: justify;\"><span style=\"color: #800000;\"><strong>Jerusal\u00e9n ocupada, 17 dic (SANA)<\/strong><\/span>\u00a0 \u00a0Las fuerzas de ocupaci\u00f3n israel\u00edes cometieron hoy una nueva masacre en la Franja de Gaza, cuando sus buld\u00f3ceres atropellaron a personas desplazadas y pacientes, y los enterraron bajo los escombros en el patio del hospital Kamal Adwan en una zona de Jabalia, al norte de la Franja.<\/p>\n<p style=\"text-align: justify;\">V\u00eddeos publicados en las redes sociales mostraron las secuelas de la masacre cometida por los militares israel\u00edes, que destruyeron las tiendas de campa\u00f1a de los desplazados con excavadoras y enterraron vivos a los desplazados y pacientes,<\/p>\n<p style=\"text-align: justify;\">Otras escenas documentaron partes de cuerpos y cad\u00e1veres atropellados por excavadoras de la ocupaci\u00f3n en el patio del hospital.<\/p>\n<p style=\"text-align: justify;\">La ministra palestina de Salud, Mai Al-Kaila, pidi\u00f3 una investigaci\u00f3n internacional sobre el entierro de personas vivas en el patio del hospital por parte de la ocupaci\u00f3n y pidi\u00f3 al mundo que tome medidas serias para descubrir las circunstancias de este crimen.<\/p>\n<p style=\"text-align: justify;\">Aclar\u00f3 que el ej\u00e9rcito de ocupaci\u00f3n destruy\u00f3 la parte sur del hospital, dejando a 12 ni\u00f1os dentro de incubadoras sin agua ni comida.<\/p>\n<p>fm\/ws<\/p>\n","protected":false},"excerpt":{"rendered":"<p>Jerusal\u00e9n ocupada, 17 dic (SANA)\u00a0 \u00a0Las fuerzas de ocupaci\u00f3n israel\u00edes cometieron hoy una nueva masacre en la Franja de Gaza, cuando sus buld\u00f3ceres atropellaron a personas desplazadas y pacientes, y los enterraron bajo los escombros en el patio del hospital Kamal Adwan en una zona de Jabalia, al norte de la Franja. V\u00eddeos publicados en &hellip;<\/p>\n","protected":false},"author":35,"featured_media":317011,"comment_status":"closed","ping_status":"closed","sticky":false,"template":"","format":"standard","meta":{"footnotes":""},"categories":[597,456,16687,20724,7541],"tags":[],"class_list":["post-317010","post","type-post","status-publish","format-standard","has-post-thumbnail","","category-cinta-de-noticias","category-arabe-internacional-politica","category-internacionales","category-minuto-a-minuto","category-ultimas-noticias"],"_links":{"self":[{"href":"https:\/\/archive.sana.sy\/es\/index.php?rest_route=\/wp\/v2\/posts\/317010"}],"collection":[{"href":"https:\/\/archive.sana.sy\/es\/index.php?rest_route=\/wp\/v2\/posts"}],"about":[{"href":"https:\/\/archive.sana.sy\/es\/index.php?rest_route=\/wp\/v2\/types\/post"}],"author":[{"embeddable":true,"href":"https:\/\/archive.sana.sy\/es\/index.php?rest_route=\/wp\/v2\/users\/35"}],"replies":[{"embeddable":true,"href":"https:\/\/archive.sana.sy\/es\/index.php?rest_route=%2Fwp%2Fv2%2Fcomments&post=317010"}],"version-history":[{"count":1,"href":"https:\/\/archive.sana.sy\/es\/index.php?rest_route=\/wp\/v2\/posts\/317010\/revisions"}],"predecessor-version":[{"id":317012,"href":"https:\/\/archive.sana.sy\/es\/index.php?rest_route=\/wp\/v2\/posts\/317010\/revisions\/317012"}],"wp:featuredmedia":[{"embeddable":true,"href":"https:\/\/archive.sana.sy\/es\/index.php?rest_route=\/wp\/v2\/media\/317011"}],"wp:attachment":[{"href":"https:\/\/archive.sana.sy\/es\/index.php?rest_route=%2Fwp%2Fv2%2Fmedia&parent=317010"}],"wp:term":[{"taxonomy":"category","embeddable":true,"href":"https:\/\/archive.sana.sy\/es\/index.php?rest_route=%2Fwp%2Fv2%2Fcategories&post=317010"},{"taxonomy":"post_tag","embeddable":true,"href":"https:\/\/archive.sana.sy\/es\/index.php?rest_route=%2Fwp%2Fv2%2Ftags&post=317010"}],"curies":[{"name":"wp","href":"https:\/\/api.w.org\/{rel}","templated":true}]}}