{"id":317064,"date":"2023-12-17T20:41:20","date_gmt":"2023-12-17T17:41:20","guid":{"rendered":"https:\/\/sana.sy\/es\/?p=317064"},"modified":"2023-12-17T20:51:56","modified_gmt":"2023-12-17T17:51:56","slug":"siria-e-iraq-abogan-por-mas-cooperacion-cientifica","status":"publish","type":"post","link":"https:\/\/archive.sana.sy\/es\/?p=317064","title":{"rendered":"Siria e Iraq abogan por m\u00e1s cooperaci\u00f3n cient\u00edfica"},"content":{"rendered":"<p style=\"text-align: justify;\"><span style=\"color: #800000;\"><strong>Damasco, 17 dic (SANA)\u00a0<\/strong><\/span>\u00a0 El ministro de Educaci\u00f3n Superior e Investigaci\u00f3n Cient\u00edfica de Siria, Bassam Ibrahim, examin\u00f3 con el encargado de negocios de la Embajada de Iraq en Damasco, Yassin Sharif Al-Hujaimi, las relaciones de cooperaci\u00f3n conjunta en el campo de la educaci\u00f3n superior e investigaci\u00f3n cient\u00edfica.<\/p>\n<p style=\"text-align: justify;\"><img loading=\"lazy\" decoding=\"async\" class=\"size-medium wp-image-317067 alignleft\" src=\"http:\/\/sana.sy\/es\/wp-content\/uploads\/2023\/12\/photo_2023-12-17_13-59-12-2-copy-300x154.jpg\" alt=\"\" width=\"300\" height=\"154\" srcset=\"https:\/\/archive.sana.sy\/es\/wp-content\/uploads\/2023\/12\/photo_2023-12-17_13-59-12-2-copy-300x154.jpg 300w, https:\/\/archive.sana.sy\/es\/wp-content\/uploads\/2023\/12\/photo_2023-12-17_13-59-12-2-copy-150x77.jpg 150w, https:\/\/archive.sana.sy\/es\/wp-content\/uploads\/2023\/12\/photo_2023-12-17_13-59-12-2-copy.jpg 660w\" sizes=\"(max-width: 300px) 100vw, 300px\" \/>El titular sirio destac\u00f3 la importancia de las relaciones bilaterales entre los dos pa\u00edses, as\u00ed como los acuerdos acad\u00e9micos firmados entre ambas partes con el objetivo de intercambiar estudiantes y becas de pregrado o posgrado.<\/p>\n<p style=\"text-align: justify;\">Por su parte, el diplom\u00e1tico iraqu\u00ed subray\u00f3 el inter\u00e9s de su pa\u00eds por desarrollar las relaciones con Siria y ofrecer una mayor cooperaci\u00f3n en todos los campos, especialmente en el cient\u00edfico y de investigaci\u00f3n.<\/p>\n<p style=\"text-align: justify;\">Se\u00f1al\u00f3 la importancia de la educaci\u00f3n en Siria y el deseo de los j\u00f3venes iraqu\u00edes a estudiar en universidades sirias.<\/p>\n<p style=\"text-align: justify;\">Al-Hujaimi dijo que es necesaria una coordinaci\u00f3n continua en beneficio de los estudiantes de los dos pa\u00edses.<\/p>\n<p style=\"text-align: justify;\">rr\/fm<\/p>\n","protected":false},"excerpt":{"rendered":"<p>Damasco, 17 dic (SANA)\u00a0\u00a0 El ministro de Educaci\u00f3n Superior e Investigaci\u00f3n Cient\u00edfica de Siria, Bassam Ibrahim, examin\u00f3 con el encargado de negocios de la Embajada de Iraq en Damasco, Yassin Sharif Al-Hujaimi, las relaciones de cooperaci\u00f3n conjunta en el campo de la educaci\u00f3n superior e investigaci\u00f3n cient\u00edfica. El titular sirio destac\u00f3 la importancia de las &hellip;<\/p>\n","protected":false},"author":31,"featured_media":317065,"comment_status":"closed","ping_status":"closed","sticky":false,"template":"","format":"standard","meta":{"footnotes":""},"categories":[597,476,467,7541],"tags":[],"class_list":["post-317064","post","type-post","status-publish","format-standard","has-post-thumbnail","","category-cinta-de-noticias","category-locales","category-siria-y-el-mundo","category-ultimas-noticias"],"_links":{"self":[{"href":"https:\/\/archive.sana.sy\/es\/index.php?rest_route=\/wp\/v2\/posts\/317064"}],"collection":[{"href":"https:\/\/archive.sana.sy\/es\/index.php?rest_route=\/wp\/v2\/posts"}],"about":[{"href":"https:\/\/archive.sana.sy\/es\/index.php?rest_route=\/wp\/v2\/types\/post"}],"author":[{"embeddable":true,"href":"https:\/\/archive.sana.sy\/es\/index.php?rest_route=\/wp\/v2\/users\/31"}],"replies":[{"embeddable":true,"href":"https:\/\/archive.sana.sy\/es\/index.php?rest_route=%2Fwp%2Fv2%2Fcomments&post=317064"}],"version-history":[{"count":3,"href":"https:\/\/archive.sana.sy\/es\/index.php?rest_route=\/wp\/v2\/posts\/317064\/revisions"}],"predecessor-version":[{"id":317069,"href":"https:\/\/archive.sana.sy\/es\/index.php?rest_route=\/wp\/v2\/posts\/317064\/revisions\/317069"}],"wp:featuredmedia":[{"embeddable":true,"href":"https:\/\/archive.sana.sy\/es\/index.php?rest_route=\/wp\/v2\/media\/317065"}],"wp:attachment":[{"href":"https:\/\/archive.sana.sy\/es\/index.php?rest_route=%2Fwp%2Fv2%2Fmedia&parent=317064"}],"wp:term":[{"taxonomy":"category","embeddable":true,"href":"https:\/\/archive.sana.sy\/es\/index.php?rest_route=%2Fwp%2Fv2%2Fcategories&post=317064"},{"taxonomy":"post_tag","embeddable":true,"href":"https:\/\/archive.sana.sy\/es\/index.php?rest_route=%2Fwp%2Fv2%2Ftags&post=317064"}],"curies":[{"name":"wp","href":"https:\/\/api.w.org\/{rel}","templated":true}]}}