{"id":317071,"date":"2023-12-18T06:02:00","date_gmt":"2023-12-18T03:02:00","guid":{"rendered":"https:\/\/sana.sy\/es\/?p=317071"},"modified":"2023-12-18T06:35:42","modified_gmt":"2023-12-18T03:35:42","slug":"agresion-israeli-contra-siria-dejo-dos-militares-heridos","status":"publish","type":"post","link":"https:\/\/archive.sana.sy\/es\/?p=317071","title":{"rendered":"Agresi\u00f3n israel\u00ed contra Siria dej\u00f3 dos militares heridos"},"content":{"rendered":"<p style=\"text-align: justify;\"><span style=\"color: #800000;\"><strong>Damasco, 18 dic (SANA)\u00a0<\/strong><\/span> Dos soldados del ej\u00e9rcito sirio resultaron heridos por un ataque israel\u00ed con misiles contra varios puntos en la provincia de Damasco-campo.<\/p>\n<p style=\"text-align: justify;\">El Ministerio de Defensa inform\u00f3 por medio de un comunicado enviado a nuestra agencia, que &#8220;aproximadamente a las 22:05 de este domingo, el enemigo israel\u00ed llev\u00f3 a cabo una agresi\u00f3n con misiles disparados desde la direcci\u00f3n del Gol\u00e1n sirio ocupado, contra algunos puntos en Damasco-campo\u201d.<\/p>\n<p style=\"text-align: justify;\">Agreg\u00f3 que las fuerzas de defensa a\u00e9rea interceptaron varios de los proyectiles, y reconoci\u00f3 que la agresi\u00f3n caus\u00f3 lesiones a dos uniformados y p\u00e9rdidas materiales.<\/p>\n<p style=\"text-align: justify;\">Ya suman m\u00e1s de 50 los ataques de &#8220;Israel&#8221; contra territorio sirio este a\u00f1o, el m\u00e1s reciente fue llevado a cabo el pasado d\u00eda 10 de este mes, contra puntos al sur de Damasco<\/p>\n<p style=\"text-align: justify;\">Siria asegura que esas acciones provocan v\u00edctimas en la poblaci\u00f3n civil, pretenden prolongar la guerra, mantener inestable a esta naci\u00f3n y debilitar su Ej\u00e9rcito.<\/p>\n<p style=\"text-align: justify;\">El Ministerio de Asuntos Exteriores inst\u00f3 al Consejo de Seguridad de las Naciones Unidas a cumplir sus responsabilidades y poner fin a esas agresiones israel\u00edes.<\/p>\n<p style=\"text-align: justify;\">fm<\/p>\n","protected":false},"excerpt":{"rendered":"<p>Damasco, 18 dic (SANA)\u00a0 Dos soldados del ej\u00e9rcito sirio resultaron heridos por un ataque israel\u00ed con misiles contra varios puntos en la provincia de Damasco-campo. El Ministerio de Defensa inform\u00f3 por medio de un comunicado enviado a nuestra agencia, que &#8220;aproximadamente a las 22:05 de este domingo, el enemigo israel\u00ed llev\u00f3 a cabo una agresi\u00f3n &hellip;<\/p>\n","protected":false},"author":34,"featured_media":317072,"comment_status":"closed","ping_status":"closed","sticky":false,"template":"","format":"standard","meta":{"footnotes":""},"categories":[477,447,597,573,20724,476,583],"tags":[],"class_list":["post-317071","post","type-post","status-publish","format-standard","has-post-thumbnail","","category-noticias-edulcorantes","category-local-politica","category-cinta-de-noticias","category-la-realidad-de-los-acontecimientos-en-siria","category-minuto-a-minuto","category-locales","category-slide"],"_links":{"self":[{"href":"https:\/\/archive.sana.sy\/es\/index.php?rest_route=\/wp\/v2\/posts\/317071"}],"collection":[{"href":"https:\/\/archive.sana.sy\/es\/index.php?rest_route=\/wp\/v2\/posts"}],"about":[{"href":"https:\/\/archive.sana.sy\/es\/index.php?rest_route=\/wp\/v2\/types\/post"}],"author":[{"embeddable":true,"href":"https:\/\/archive.sana.sy\/es\/index.php?rest_route=\/wp\/v2\/users\/34"}],"replies":[{"embeddable":true,"href":"https:\/\/archive.sana.sy\/es\/index.php?rest_route=%2Fwp%2Fv2%2Fcomments&post=317071"}],"version-history":[{"count":4,"href":"https:\/\/archive.sana.sy\/es\/index.php?rest_route=\/wp\/v2\/posts\/317071\/revisions"}],"predecessor-version":[{"id":317082,"href":"https:\/\/archive.sana.sy\/es\/index.php?rest_route=\/wp\/v2\/posts\/317071\/revisions\/317082"}],"wp:featuredmedia":[{"embeddable":true,"href":"https:\/\/archive.sana.sy\/es\/index.php?rest_route=\/wp\/v2\/media\/317072"}],"wp:attachment":[{"href":"https:\/\/archive.sana.sy\/es\/index.php?rest_route=%2Fwp%2Fv2%2Fmedia&parent=317071"}],"wp:term":[{"taxonomy":"category","embeddable":true,"href":"https:\/\/archive.sana.sy\/es\/index.php?rest_route=%2Fwp%2Fv2%2Fcategories&post=317071"},{"taxonomy":"post_tag","embeddable":true,"href":"https:\/\/archive.sana.sy\/es\/index.php?rest_route=%2Fwp%2Fv2%2Ftags&post=317071"}],"curies":[{"name":"wp","href":"https:\/\/api.w.org\/{rel}","templated":true}]}}