{"id":317076,"date":"2023-12-18T06:15:56","date_gmt":"2023-12-18T03:15:56","guid":{"rendered":"https:\/\/sana.sy\/es\/?p=317076"},"modified":"2023-12-18T20:49:03","modified_gmt":"2023-12-18T17:49:03","slug":"nuevas-masacres-israelies-cobraron-la-vida-de-mas-de-100-palestinos-en-gaza","status":"publish","type":"post","link":"https:\/\/archive.sana.sy\/es\/?p=317076","title":{"rendered":"Nuevas masacres israel\u00edes cobraron la vida de m\u00e1s de 100 palestinos en Gaza"},"content":{"rendered":"<p style=\"text-align: justify;\"><span style=\"color: #800000;\"><strong>Jerusal\u00e9n ocupada, 18 dic (SANA)<\/strong> E<\/span>n su 72\u00ba d\u00eda de agresi\u00f3n, las fuerzas de ocupaci\u00f3n israel\u00edes cometieron nuevas masacres en el norte y centro de la Franja de Gaza, causando la muerte de decenas de palestinos.<\/p>\n<p style=\"text-align: justify;\">Medios de prensa palestinos reportaron que los aviones b\u00e9licos del ocupante bombardearon varias viviendas en Jabalia al-Balad, al norte de la Franja de Gaza, lo que provoc\u00f3 la muerte de 33 palestinos, entre ellos 15 ni\u00f1os, y m\u00e1s de 100 a\u00fan se encuentran bajo los escombros.<\/p>\n<p style=\"text-align: justify;\">Asimismo, los cazas y la artiller\u00eda del ej\u00e9rcito sionista bombardearon viviendas en los barrios de Al-Zaitoun, Al-Tuffah, Tal Al-Hawa, Al-Sabra, Al-Shujaya y Al-Daraj en la ciudad de Gaza, provocando la muerte de m\u00e1s de 54 personas y decenas de heridos.<\/p>\n<p style=\"text-align: justify;\">Otro bombardeo a\u00e9reo en el campo de Nuseirat en el centro de la Franja de Gaza, mat\u00f3 al menos a 15 personas e hiri\u00f3 a decenas.<\/p>\n<p style=\"text-align: justify;\">El n\u00famero de muertos en la Franja de Gaza desde el inicio de la agresi\u00f3n israel\u00ed el 7 de octubre pasado, ascendi\u00f3 a m\u00e1s de 19.000, la mayor\u00eda son mujeres y ni\u00f1os, mientras que el n\u00famero de heridos ha superado los 51.000.<\/p>\n<p style=\"text-align: justify;\">fm<\/p>\n","protected":false},"excerpt":{"rendered":"<p>Jerusal\u00e9n ocupada, 18 dic (SANA) En su 72\u00ba d\u00eda de agresi\u00f3n, las fuerzas de ocupaci\u00f3n israel\u00edes cometieron nuevas masacres en el norte y centro de la Franja de Gaza, causando la muerte de decenas de palestinos. Medios de prensa palestinos reportaron que los aviones b\u00e9licos del ocupante bombardearon varias viviendas en Jabalia al-Balad, al norte &hellip;<\/p>\n","protected":false},"author":34,"featured_media":317077,"comment_status":"closed","ping_status":"closed","sticky":false,"template":"","format":"standard","meta":{"footnotes":""},"categories":[597,456,20724,7541],"tags":[],"class_list":["post-317076","post","type-post","status-publish","format-standard","has-post-thumbnail","","category-cinta-de-noticias","category-arabe-internacional-politica","category-minuto-a-minuto","category-ultimas-noticias"],"_links":{"self":[{"href":"https:\/\/archive.sana.sy\/es\/index.php?rest_route=\/wp\/v2\/posts\/317076"}],"collection":[{"href":"https:\/\/archive.sana.sy\/es\/index.php?rest_route=\/wp\/v2\/posts"}],"about":[{"href":"https:\/\/archive.sana.sy\/es\/index.php?rest_route=\/wp\/v2\/types\/post"}],"author":[{"embeddable":true,"href":"https:\/\/archive.sana.sy\/es\/index.php?rest_route=\/wp\/v2\/users\/34"}],"replies":[{"embeddable":true,"href":"https:\/\/archive.sana.sy\/es\/index.php?rest_route=%2Fwp%2Fv2%2Fcomments&post=317076"}],"version-history":[{"count":1,"href":"https:\/\/archive.sana.sy\/es\/index.php?rest_route=\/wp\/v2\/posts\/317076\/revisions"}],"predecessor-version":[{"id":317078,"href":"https:\/\/archive.sana.sy\/es\/index.php?rest_route=\/wp\/v2\/posts\/317076\/revisions\/317078"}],"wp:featuredmedia":[{"embeddable":true,"href":"https:\/\/archive.sana.sy\/es\/index.php?rest_route=\/wp\/v2\/media\/317077"}],"wp:attachment":[{"href":"https:\/\/archive.sana.sy\/es\/index.php?rest_route=%2Fwp%2Fv2%2Fmedia&parent=317076"}],"wp:term":[{"taxonomy":"category","embeddable":true,"href":"https:\/\/archive.sana.sy\/es\/index.php?rest_route=%2Fwp%2Fv2%2Fcategories&post=317076"},{"taxonomy":"post_tag","embeddable":true,"href":"https:\/\/archive.sana.sy\/es\/index.php?rest_route=%2Fwp%2Fv2%2Ftags&post=317076"}],"curies":[{"name":"wp","href":"https:\/\/api.w.org\/{rel}","templated":true}]}}