{"id":317079,"date":"2023-12-18T06:26:56","date_gmt":"2023-12-18T03:26:56","guid":{"rendered":"https:\/\/sana.sy\/es\/?p=317079"},"modified":"2023-12-18T06:26:56","modified_gmt":"2023-12-18T03:26:56","slug":"mueren-dos-ninos-por-explosion-de-una-mina-en-el-este-de-siria","status":"publish","type":"post","link":"https:\/\/archive.sana.sy\/es\/?p=317079","title":{"rendered":"Mueren dos ni\u00f1os por explosi\u00f3n de una mina en el este de Siria"},"content":{"rendered":"<p style=\"text-align: justify;\"><span style=\"color: #800000;\"><strong>Deir Ezzor, 18 dic (SANA)\u00a0<\/strong> <\/span>Dos ni\u00f1os hermanos perdieron la vida por la explosi\u00f3n de una mina remanente de los terroristas del grupo \u201cEstado Isl\u00e1mico\u201d, Daesh , en \u00e1rabe, en la ciudad de Albukamal, en el sureste de la provincia siria de Deir Ezzor, cerca de la frontera con Iraq.<\/p>\n<p style=\"text-align: justify;\">El alcalde de la referida ciudad Jubal Al-Sayer, declar\u00f3 a nuestra agencia que la mina estaba en uno de los edificios abandonados en el barrio de Inshaat, y su explosi\u00f3n provoc\u00f3 la muerte de dos ni\u00f1os, de 10 y 12 a\u00f1os de edad.<\/p>\n<p style=\"text-align: justify;\">Seg\u00fan la Media Luna Roja Siria, la cifra de muertos y mutilados por explosiones de minas desde 2018 hasta 2022 ascendi\u00f3 a cinco mil 70, mientras el delegado sirio ante los organismos de las Naciones Unidas en Ginebra, Husam al-Din Alaa, que el Ej\u00e9rcito logr\u00f3 desmantelar m\u00e1s de 180 mil minas y otros artefactos explosivos.<\/p>\n<p style=\"text-align: justify;\">El diplom\u00e1tico denunci\u00f3 que la ocupaci\u00f3n extranjera y la presencia de grupos de ese tipo en algunas regiones bloquean el acceso y la labor de desminado.<\/p>\n<p style=\"text-align: justify;\">Los grupo radicales colocaron minas y artefactos explosivos en las viviendas, carreteras y tierras agr\u00edcolas antes de retirarse de las zonas que ocupaban, con la intenci\u00f3n intimidar e impedir el regreso de civiles desplazados a sus hogares.<\/p>\n<p style=\"text-align: justify;\">fm<\/p>\n","protected":false},"excerpt":{"rendered":"<p>Deir Ezzor, 18 dic (SANA)\u00a0 Dos ni\u00f1os hermanos perdieron la vida por la explosi\u00f3n de una mina remanente de los terroristas del grupo \u201cEstado Isl\u00e1mico\u201d, Daesh , en \u00e1rabe, en la ciudad de Albukamal, en el sureste de la provincia siria de Deir Ezzor, cerca de la frontera con Iraq. El alcalde de la referida &hellip;<\/p>\n","protected":false},"author":34,"featured_media":317080,"comment_status":"closed","ping_status":"closed","sticky":false,"template":"","format":"standard","meta":{"footnotes":""},"categories":[477,597,573,20724,476,7541],"tags":[],"class_list":["post-317079","post","type-post","status-publish","format-standard","has-post-thumbnail","","category-noticias-edulcorantes","category-cinta-de-noticias","category-la-realidad-de-los-acontecimientos-en-siria","category-minuto-a-minuto","category-locales","category-ultimas-noticias"],"_links":{"self":[{"href":"https:\/\/archive.sana.sy\/es\/index.php?rest_route=\/wp\/v2\/posts\/317079"}],"collection":[{"href":"https:\/\/archive.sana.sy\/es\/index.php?rest_route=\/wp\/v2\/posts"}],"about":[{"href":"https:\/\/archive.sana.sy\/es\/index.php?rest_route=\/wp\/v2\/types\/post"}],"author":[{"embeddable":true,"href":"https:\/\/archive.sana.sy\/es\/index.php?rest_route=\/wp\/v2\/users\/34"}],"replies":[{"embeddable":true,"href":"https:\/\/archive.sana.sy\/es\/index.php?rest_route=%2Fwp%2Fv2%2Fcomments&post=317079"}],"version-history":[{"count":1,"href":"https:\/\/archive.sana.sy\/es\/index.php?rest_route=\/wp\/v2\/posts\/317079\/revisions"}],"predecessor-version":[{"id":317081,"href":"https:\/\/archive.sana.sy\/es\/index.php?rest_route=\/wp\/v2\/posts\/317079\/revisions\/317081"}],"wp:featuredmedia":[{"embeddable":true,"href":"https:\/\/archive.sana.sy\/es\/index.php?rest_route=\/wp\/v2\/media\/317080"}],"wp:attachment":[{"href":"https:\/\/archive.sana.sy\/es\/index.php?rest_route=%2Fwp%2Fv2%2Fmedia&parent=317079"}],"wp:term":[{"taxonomy":"category","embeddable":true,"href":"https:\/\/archive.sana.sy\/es\/index.php?rest_route=%2Fwp%2Fv2%2Fcategories&post=317079"},{"taxonomy":"post_tag","embeddable":true,"href":"https:\/\/archive.sana.sy\/es\/index.php?rest_route=%2Fwp%2Fv2%2Ftags&post=317079"}],"curies":[{"name":"wp","href":"https:\/\/api.w.org\/{rel}","templated":true}]}}